{"id":10009,"date":"2026-04-18T23:28:00","date_gmt":"2026-04-19T04:28:00","guid":{"rendered":"https:\/\/www.vmnoticias.info\/?p=10009"},"modified":"2026-04-27T23:30:13","modified_gmt":"2026-04-28T04:30:13","slug":"nueva-techumbre-escolar-es-compromiso-de-carlos-pena-ortiz-con-la-educacion","status":"publish","type":"post","link":"https:\/\/www.vmnoticias.info\/?p=10009","title":{"rendered":"Nueva techumbre escolar es compromiso de Carlos Pe\u00f1a Ortiz con la educaci\u00f3n"},"content":{"rendered":"<p>Por Yani Vega<br \/>\nReynosa, Tamaulipas.- Con el compromiso de dignificar los espacios educativos y proteger a los estudiantes de las inclemencias del tiempo, el Alcalde Carlos Pe\u00f1a Ortiz puso en marcha la construcci\u00f3n de la techumbre en la escuela secundaria General No. 15 \u00abEnrique Hern\u00e1ndez Alonzo\u00bb. <\/p>\n<p>Durante el arranque de obra, el Presidente Municipal destac\u00f3 que invertir en infraestructura escolar es invertir directamente en el futuro de Reynosa, garantizando que ni\u00f1as, ni\u00f1os, adolescentes y j\u00f3venes cuenten con instalaciones adecuadas para su desarrollo acad\u00e9mico, deportivo y cultural.<\/p>\n<p>\u00abPara tener un pa\u00eds con mejor movilidad social es necesario invertir en la educaci\u00f3n y que todos puedan ser a trav\u00e9s de su esfuerzo lo que aspiran como estudiantes\u00bb, dijo el Alcalde en presencia de padres de familia, Maestros; S\u00edndicos y Regidores del Ayuntamiento. <\/p>\n<p>En el pres\u00eddium estuvo acompa\u00f1ado por Bertha Lilia Garc\u00eda Guevara, Directora del plantel; el Arq. Eduardo L\u00f3pez Arias, Secretario de Obras P\u00fablicas; Hugo Felipe Ch\u00e1vez Herrera, Secretario de Bienestar Social; Gabriela Rosas Blanco, Directora del DIF-Reynosa; Jos\u00e9 Eugenio Quiroz Longoria, Director de Educaci\u00f3n; y Karen Iveth Bautista de la Cruz, alumna de tercer grado, en representaci\u00f3n de la comunidad estudiantil. <\/p>\n","protected":false},"excerpt":{"rendered":"<p>Por Yani Vega Reynosa, Tamaulipas.- Con el compromiso de dignificar los espacios educativos y proteger a los estudiantes de las inclemencias del tiempo, el Alcalde Carlos Pe\u00f1a Ortiz puso en marcha la construcci\u00f3n de la techumbre en la escuela secundaria General No. 15 \u00abEnrique Hern\u00e1ndez Alonzo\u00bb. Durante el arranque de obra, el Presidente Municipal destac\u00f3 [&hellip;]<\/p>\n","protected":false},"author":1,"featured_media":10010,"comment_status":"closed","ping_status":"closed","sticky":false,"template":"","format":"standard","meta":{"footnotes":""},"categories":[58],"tags":[],"class_list":["post-10009","post","type-post","status-publish","format-standard","has-post-thumbnail","hentry","category-top-"],"_links":{"self":[{"href":"https:\/\/www.vmnoticias.info\/index.php?rest_route=\/wp\/v2\/posts\/10009","targetHints":{"allow":["GET"]}}],"collection":[{"href":"https:\/\/www.vmnoticias.info\/index.php?rest_route=\/wp\/v2\/posts"}],"about":[{"href":"https:\/\/www.vmnoticias.info\/index.php?rest_route=\/wp\/v2\/types\/post"}],"author":[{"embeddable":true,"href":"https:\/\/www.vmnoticias.info\/index.php?rest_route=\/wp\/v2\/users\/1"}],"replies":[{"embeddable":true,"href":"https:\/\/www.vmnoticias.info\/index.php?rest_route=%2Fwp%2Fv2%2Fcomments&post=10009"}],"version-history":[{"count":1,"href":"https:\/\/www.vmnoticias.info\/index.php?rest_route=\/wp\/v2\/posts\/10009\/revisions"}],"predecessor-version":[{"id":10011,"href":"https:\/\/www.vmnoticias.info\/index.php?rest_route=\/wp\/v2\/posts\/10009\/revisions\/10011"}],"wp:featuredmedia":[{"embeddable":true,"href":"https:\/\/www.vmnoticias.info\/index.php?rest_route=\/wp\/v2\/media\/10010"}],"wp:attachment":[{"href":"https:\/\/www.vmnoticias.info\/index.php?rest_route=%2Fwp%2Fv2%2Fmedia&parent=10009"}],"wp:term":[{"taxonomy":"category","embeddable":true,"href":"https:\/\/www.vmnoticias.info\/index.php?rest_route=%2Fwp%2Fv2%2Fcategories&post=10009"},{"taxonomy":"post_tag","embeddable":true,"href":"https:\/\/www.vmnoticias.info\/index.php?rest_route=%2Fwp%2Fv2%2Ftags&post=10009"}],"curies":[{"name":"wp","href":"https:\/\/api.w.org\/{rel}","templated":true}]}}