{"id":10027,"date":"2026-04-20T11:26:00","date_gmt":"2026-04-20T16:26:00","guid":{"rendered":"https:\/\/www.vmnoticias.info\/?p=10027"},"modified":"2026-04-28T11:27:34","modified_gmt":"2026-04-28T16:27:34","slug":"trabaja-gobierno-de-carlos-pena-ortiz-con-accion-y-conciencia-en-fraccionamiento-halcon","status":"publish","type":"post","link":"https:\/\/www.vmnoticias.info\/?p=10027","title":{"rendered":"Trabaja Gobierno de Carlos Pe\u00f1a Ortiz con \u00abAcci\u00f3n y Conciencia\u00bb en fraccionamiento Halc\u00f3n"},"content":{"rendered":"<p>Por Yani Vega<br \/>\nReynosa, Tamaulipas.-<br \/>\nEl Gobierno del Alcalde Carlos Pe\u00f1a Ortiz inici\u00f3 este lunes 20 de abril, en el fraccionamiento Halc\u00f3n, una jornada de limpieza y descacharrizaci\u00f3n a trav\u00e9s del programa \u201cAcci\u00f3n y Conciencia\u201d, esquema que involucra directamente a los residentes de la colonia en actividades coordinadas con los trabajadores municipales.<\/p>\n<p>\u00abEste programa es de limpieza y rehabilitaci\u00f3n de toda la colonia, traemos alumbrado, bacheo, limpieza, rehabilitaci\u00f3n de \u00e1reas verdes, pintura de cordones, y desarrollo urbano notifica a todos los predios bald\u00edos y carros en desuso para evitar focos de infecci\u00f3n\u00bb, dijo el Secretario de Servicios P\u00fablicos, Jos\u00e9 Antonio Ch\u00e1vez Herrera. <\/p>\n<p>El programa permanecer\u00e1 en el sector del 20 al 27 de abril y en su inicio y cierre celebra la colaboraci\u00f3n entre ciudadanos y Gobierno con Loter\u00eda de Valores, juegos y competencias did\u00e1cticas para ni\u00f1os, entre otras actividades que impulsa el Presidente Municipal <\/p>\n","protected":false},"excerpt":{"rendered":"<p>Por Yani Vega Reynosa, Tamaulipas.- El Gobierno del Alcalde Carlos Pe\u00f1a Ortiz inici\u00f3 este lunes 20 de abril, en el fraccionamiento Halc\u00f3n, una jornada de limpieza y descacharrizaci\u00f3n a trav\u00e9s del programa \u201cAcci\u00f3n y Conciencia\u201d, esquema que involucra directamente a los residentes de la colonia en actividades coordinadas con los trabajadores municipales. \u00abEste programa es [&hellip;]<\/p>\n","protected":false},"author":1,"featured_media":10028,"comment_status":"closed","ping_status":"closed","sticky":false,"template":"","format":"standard","meta":{"footnotes":""},"categories":[58],"tags":[],"class_list":["post-10027","post","type-post","status-publish","format-standard","has-post-thumbnail","hentry","category-top-"],"_links":{"self":[{"href":"https:\/\/www.vmnoticias.info\/index.php?rest_route=\/wp\/v2\/posts\/10027","targetHints":{"allow":["GET"]}}],"collection":[{"href":"https:\/\/www.vmnoticias.info\/index.php?rest_route=\/wp\/v2\/posts"}],"about":[{"href":"https:\/\/www.vmnoticias.info\/index.php?rest_route=\/wp\/v2\/types\/post"}],"author":[{"embeddable":true,"href":"https:\/\/www.vmnoticias.info\/index.php?rest_route=\/wp\/v2\/users\/1"}],"replies":[{"embeddable":true,"href":"https:\/\/www.vmnoticias.info\/index.php?rest_route=%2Fwp%2Fv2%2Fcomments&post=10027"}],"version-history":[{"count":1,"href":"https:\/\/www.vmnoticias.info\/index.php?rest_route=\/wp\/v2\/posts\/10027\/revisions"}],"predecessor-version":[{"id":10029,"href":"https:\/\/www.vmnoticias.info\/index.php?rest_route=\/wp\/v2\/posts\/10027\/revisions\/10029"}],"wp:featuredmedia":[{"embeddable":true,"href":"https:\/\/www.vmnoticias.info\/index.php?rest_route=\/wp\/v2\/media\/10028"}],"wp:attachment":[{"href":"https:\/\/www.vmnoticias.info\/index.php?rest_route=%2Fwp%2Fv2%2Fmedia&parent=10027"}],"wp:term":[{"taxonomy":"category","embeddable":true,"href":"https:\/\/www.vmnoticias.info\/index.php?rest_route=%2Fwp%2Fv2%2Fcategories&post=10027"},{"taxonomy":"post_tag","embeddable":true,"href":"https:\/\/www.vmnoticias.info\/index.php?rest_route=%2Fwp%2Fv2%2Ftags&post=10027"}],"curies":[{"name":"wp","href":"https:\/\/api.w.org\/{rel}","templated":true}]}}