{"id":10036,"date":"2026-04-22T15:24:00","date_gmt":"2026-04-22T20:24:00","guid":{"rendered":"https:\/\/www.vmnoticias.info\/?p=10036"},"modified":"2026-04-28T15:26:36","modified_gmt":"2026-04-28T20:26:36","slug":"reforzo-gobierno-del-alcalde-carlos-pena-ortiz-alumbrado-publico-mediante-jornada-nocturna","status":"publish","type":"post","link":"https:\/\/www.vmnoticias.info\/?p=10036","title":{"rendered":"Reforz\u00f3 Gobierno del Alcalde Carlos Pe\u00f1a Ortiz alumbrado p\u00fablico mediante jornada nocturna"},"content":{"rendered":"<p>Por Yani Vega<br \/>\nReynosa, Tamaulipas.- Durante la tarde y noche del martes 21 de abril y madrugada del mi\u00e9rcoles 22 de abril, cuadrillas de trabajadores ejecutaron \u00f3rdenes de su bit\u00e1cora con peticiones del Presidente Municipal Carlos Pe\u00f1a Ortiz y de ciudadanos, atendiendo detalles de l\u00e1mparas LED en distintas colonias, dando como resultado la mejora de la red de alumbrado p\u00fablico. <\/p>\n<p>Estas, entre otras actividades fueron realizadas por las cuadrillas al mando de Jos\u00e9 Antonio Ch\u00e1vez Herrera, Secretario de Servicios P\u00fablicos del R. Ayuntamiento de Reynosa.<\/p>\n<p>*Trabajos realizados:*<\/p>\n<p>&#8211; *Col. Rancho Grande*: Calle Durango #398, se instal\u00f3 l\u00e1mpara LED de 150W.<br \/>\n&#8211; *Col. Narciso Mendoza*: Calle Pablo Neruda #4301, se instal\u00f3 1 l\u00e1mpara LED de 150 watts nueva.<br \/>\n&#8211; *Col. Narciso Mendoza*: Calle Pablo Neruda esquina con Matamoros, se instal\u00f3 1 l\u00e1mpara LED de 150 watts nueva, quedando ok, folio #47294.<br \/>\n&#8211; *Col. Narciso Mendoza*: Se reporta la calle Pablo Neruda al 100% en funcionamiento.<br \/>\n&#8211; *Col. Lampacitos*: Calle Tamaulipas #300, se instal\u00f3 l\u00e1mpara LED nueva. <\/p>\n<p>Con estas acciones, el Gobierno Municipal que encabeza el Alcalde Carlos Pe\u00f1a Ortiz fortalece la seguridad y visibilidad nocturna en las colonias, respondiendo de forma directa a los reportes ciudadanos y manteniendo en \u00f3ptimas condiciones la infraestructura de alumbrado p\u00fablico para beneficio de todas las familias reynosenses.<\/p>\n","protected":false},"excerpt":{"rendered":"<p>Por Yani Vega Reynosa, Tamaulipas.- Durante la tarde y noche del martes 21 de abril y madrugada del mi\u00e9rcoles 22 de abril, cuadrillas de trabajadores ejecutaron \u00f3rdenes de su bit\u00e1cora con peticiones del Presidente Municipal Carlos Pe\u00f1a Ortiz y de ciudadanos, atendiendo detalles de l\u00e1mparas LED en distintas colonias, dando como resultado la mejora de [&hellip;]<\/p>\n","protected":false},"author":1,"featured_media":10037,"comment_status":"closed","ping_status":"closed","sticky":false,"template":"","format":"standard","meta":{"footnotes":""},"categories":[58],"tags":[],"class_list":["post-10036","post","type-post","status-publish","format-standard","has-post-thumbnail","hentry","category-top-"],"_links":{"self":[{"href":"https:\/\/www.vmnoticias.info\/index.php?rest_route=\/wp\/v2\/posts\/10036","targetHints":{"allow":["GET"]}}],"collection":[{"href":"https:\/\/www.vmnoticias.info\/index.php?rest_route=\/wp\/v2\/posts"}],"about":[{"href":"https:\/\/www.vmnoticias.info\/index.php?rest_route=\/wp\/v2\/types\/post"}],"author":[{"embeddable":true,"href":"https:\/\/www.vmnoticias.info\/index.php?rest_route=\/wp\/v2\/users\/1"}],"replies":[{"embeddable":true,"href":"https:\/\/www.vmnoticias.info\/index.php?rest_route=%2Fwp%2Fv2%2Fcomments&post=10036"}],"version-history":[{"count":1,"href":"https:\/\/www.vmnoticias.info\/index.php?rest_route=\/wp\/v2\/posts\/10036\/revisions"}],"predecessor-version":[{"id":10038,"href":"https:\/\/www.vmnoticias.info\/index.php?rest_route=\/wp\/v2\/posts\/10036\/revisions\/10038"}],"wp:featuredmedia":[{"embeddable":true,"href":"https:\/\/www.vmnoticias.info\/index.php?rest_route=\/wp\/v2\/media\/10037"}],"wp:attachment":[{"href":"https:\/\/www.vmnoticias.info\/index.php?rest_route=%2Fwp%2Fv2%2Fmedia&parent=10036"}],"wp:term":[{"taxonomy":"category","embeddable":true,"href":"https:\/\/www.vmnoticias.info\/index.php?rest_route=%2Fwp%2Fv2%2Fcategories&post=10036"},{"taxonomy":"post_tag","embeddable":true,"href":"https:\/\/www.vmnoticias.info\/index.php?rest_route=%2Fwp%2Fv2%2Ftags&post=10036"}],"curies":[{"name":"wp","href":"https:\/\/api.w.org\/{rel}","templated":true}]}}