{"id":1067,"date":"2022-02-03T23:59:47","date_gmt":"2022-02-04T05:59:47","guid":{"rendered":"https:\/\/www.vmnoticias.info\/?p=1067"},"modified":"2022-02-28T16:04:12","modified_gmt":"2022-02-28T22:04:12","slug":"escucha-el-alcalde-al-sector-campesino","status":"publish","type":"post","link":"https:\/\/www.vmnoticias.info\/?p=1067","title":{"rendered":"Escucha el alcalde al sector campesino"},"content":{"rendered":"<p>Por Yani Vega Mar\u00edn<\/p>\n<p>Reynosa, Tamaulipas.-\u00a0Conviven familias del \u00e1rea rural con el Presidente Municipal Carlos Pe\u00f1a Ortiz, escucha propuestas y anuncia el inter\u00e9s por impulsar m\u00e1s apoyos a este sector.<\/p>\n<p>Este 2 de febrero el Presidente atendi\u00f3 la invitaci\u00f3n a convivir y celebrar el D\u00eda de la Candelaria, con familias de diferentes ejidos de Reynosa, en el Comit\u00e9 Campesino.<\/p>\n<p>Acto que fue aprovechado por parte de los participantes, para expresar el agradecimiento al programa Apoyo Agropecuario, as\u00ed mismo externaron algunas propuestas y solicitudes para las comunidades.<\/p>\n<p>El compromiso que tiene el municipio es generar las condiciones, para que las familias cuenten con mayor oportunidad y tengan las herramientas para salir adelante y rescatar el campo, as\u00ed lo hizo ver el Presidente Carlos Pe\u00f1a.<\/p>\n<p>Dentro de las peticiones y propuestas, est\u00e1 el capacitar en el mejor aprovechamiento del campo, gestionar apoyos para el disel, variar la siembra, apoyo de herbicidas entre otros.<\/p>\n<p>Es as\u00ed como el Presidente Carlos Pe\u00f1a Ortiz acompa\u00f1ado del Secretario de SEDEEM, Mauricio Trevi\u00f1o Garza; el Delegado de la Comisi\u00f3n Nacional de Campesinos, Mauro Herrera Mart\u00ednez; funcionarios, comisarios y familia del campo celebraron el D\u00eda de la Candelaria y charlaron sobre las acciones para recuperar a este sector.<\/p>\n","protected":false},"excerpt":{"rendered":"<p>Por Yani Vega Mar\u00edn Reynosa, Tamaulipas.-\u00a0Conviven familias del \u00e1rea rural con el Presidente Municipal Carlos Pe\u00f1a Ortiz, escucha propuestas y anuncia el inter\u00e9s por impulsar m\u00e1s apoyos a este sector. Este 2 de febrero el Presidente atendi\u00f3 la invitaci\u00f3n a convivir y celebrar el D\u00eda de la Candelaria, con familias de diferentes ejidos de Reynosa, [&hellip;]<\/p>\n","protected":false},"author":1,"featured_media":1068,"comment_status":"open","ping_status":"open","sticky":false,"template":"","format":"standard","meta":{"footnotes":""},"categories":[45],"tags":[],"class_list":["post-1067","post","type-post","status-publish","format-standard","has-post-thumbnail","hentry","category-importante"],"_links":{"self":[{"href":"https:\/\/www.vmnoticias.info\/index.php?rest_route=\/wp\/v2\/posts\/1067","targetHints":{"allow":["GET"]}}],"collection":[{"href":"https:\/\/www.vmnoticias.info\/index.php?rest_route=\/wp\/v2\/posts"}],"about":[{"href":"https:\/\/www.vmnoticias.info\/index.php?rest_route=\/wp\/v2\/types\/post"}],"author":[{"embeddable":true,"href":"https:\/\/www.vmnoticias.info\/index.php?rest_route=\/wp\/v2\/users\/1"}],"replies":[{"embeddable":true,"href":"https:\/\/www.vmnoticias.info\/index.php?rest_route=%2Fwp%2Fv2%2Fcomments&post=1067"}],"version-history":[{"count":0,"href":"https:\/\/www.vmnoticias.info\/index.php?rest_route=\/wp\/v2\/posts\/1067\/revisions"}],"wp:featuredmedia":[{"embeddable":true,"href":"https:\/\/www.vmnoticias.info\/index.php?rest_route=\/wp\/v2\/media\/1068"}],"wp:attachment":[{"href":"https:\/\/www.vmnoticias.info\/index.php?rest_route=%2Fwp%2Fv2%2Fmedia&parent=1067"}],"wp:term":[{"taxonomy":"category","embeddable":true,"href":"https:\/\/www.vmnoticias.info\/index.php?rest_route=%2Fwp%2Fv2%2Fcategories&post=1067"},{"taxonomy":"post_tag","embeddable":true,"href":"https:\/\/www.vmnoticias.info\/index.php?rest_route=%2Fwp%2Fv2%2Ftags&post=1067"}],"curies":[{"name":"wp","href":"https:\/\/api.w.org\/{rel}","templated":true}]}}