{"id":1085,"date":"2022-03-21T18:58:11","date_gmt":"2022-03-21T23:58:11","guid":{"rendered":"https:\/\/www.vmnoticias.info\/?p=1085"},"modified":"2022-03-30T19:01:41","modified_gmt":"2022-03-31T00:01:41","slug":"celebra-municipio-honores-a-don-benito-juarez-en-su-natalicio-216","status":"publish","type":"post","link":"https:\/\/www.vmnoticias.info\/?p=1085","title":{"rendered":"Celebra Municipio honores a Don Benito Ju\u00e1rez en su natalicio 216"},"content":{"rendered":"<p>Por Yani Vega Mar\u00edn<\/p>\n<p>Reynosa, Tamaulipas.-En representaci\u00f3n del Presidente Municipal Carlos Pe\u00f1a Ortiz, el Secretario del Ayuntamiento, Jos\u00e9 Luis M\u00e1rquez S\u00e1nchez se pronunci\u00f3 en el discurso de la guardia de honor, ante el busto del Benem\u00e9rito de las Am\u00e9ricas, Don Benito Ju\u00e1rez Garc\u00eda, este lunes 21 de marzo, a 216 a\u00f1os de su nacimiento.<\/p>\n<p>En la ceremonia se cumplieron los rigurosos Honores a la Bandera y entonaci\u00f3n del Himno Nacional, con la presencia de autoridades civiles y militares, en la explanada de la plaza principal.<\/p>\n<p>En el marco de esta celebraci\u00f3n la joven Denisse Yamileth Casta\u00f1o Ju\u00e1rez, expres\u00f3: \u201c Ju\u00e1rez es ejemplo para los ni\u00f1os y aliento para los j\u00f3venes que reclaman lugares de combate y que se identifican con los esfuerzos que los mexicanos realizan para progresar \u201c.<\/p>\n<p>\u201c Benito Ju\u00e1rez es sin\u00f3nimo de los m\u00e1s grandes valores c\u00edvicos, honestidad y patriotismo \u201c, se\u00f1al\u00f3 el Secretario del Ayuntamiento en representaci\u00f3n del Presidente Carlos Pe\u00f1a Ortiz.<\/p>\n<p>Entre las personalidades que participaron en la guardia al ex Presidente de M\u00e9xico: Coronel de Caballer\u00eda D.E.M. Juan Antonio Maldonado Casta\u00f1eda Cmdte. del 19\u00ba Regimiento de Caballer\u00eda Motorizada, Regidor Jaime Arratia Banda, comisi\u00f3n de educaci\u00f3n; Jorge Guadalupe Acu\u00f1a Tob\u00edas Sec. de Organizaci\u00f3, Secc. 2 de la SNTE, Diputado Local Juan Ovidio Garc\u00eda Garc\u00eda; Hugo Am\u00e9rico L\u00f3pez Leal, representante de Logias; integrantes de Cabildo y funcionarios.<\/p>\n","protected":false},"excerpt":{"rendered":"<p>Por Yani Vega Mar\u00edn Reynosa, Tamaulipas.-En representaci\u00f3n del Presidente Municipal Carlos Pe\u00f1a Ortiz, el Secretario del Ayuntamiento, Jos\u00e9 Luis M\u00e1rquez S\u00e1nchez se pronunci\u00f3 en el discurso de la guardia de honor, ante el busto del Benem\u00e9rito de las Am\u00e9ricas, Don Benito Ju\u00e1rez Garc\u00eda, este lunes 21 de marzo, a 216 a\u00f1os de su nacimiento. En [&hellip;]<\/p>\n","protected":false},"author":1,"featured_media":1086,"comment_status":"open","ping_status":"open","sticky":false,"template":"","format":"standard","meta":{"footnotes":""},"categories":[45],"tags":[],"class_list":["post-1085","post","type-post","status-publish","format-standard","has-post-thumbnail","hentry","category-importante"],"_links":{"self":[{"href":"https:\/\/www.vmnoticias.info\/index.php?rest_route=\/wp\/v2\/posts\/1085","targetHints":{"allow":["GET"]}}],"collection":[{"href":"https:\/\/www.vmnoticias.info\/index.php?rest_route=\/wp\/v2\/posts"}],"about":[{"href":"https:\/\/www.vmnoticias.info\/index.php?rest_route=\/wp\/v2\/types\/post"}],"author":[{"embeddable":true,"href":"https:\/\/www.vmnoticias.info\/index.php?rest_route=\/wp\/v2\/users\/1"}],"replies":[{"embeddable":true,"href":"https:\/\/www.vmnoticias.info\/index.php?rest_route=%2Fwp%2Fv2%2Fcomments&post=1085"}],"version-history":[{"count":0,"href":"https:\/\/www.vmnoticias.info\/index.php?rest_route=\/wp\/v2\/posts\/1085\/revisions"}],"wp:featuredmedia":[{"embeddable":true,"href":"https:\/\/www.vmnoticias.info\/index.php?rest_route=\/wp\/v2\/media\/1086"}],"wp:attachment":[{"href":"https:\/\/www.vmnoticias.info\/index.php?rest_route=%2Fwp%2Fv2%2Fmedia&parent=1085"}],"wp:term":[{"taxonomy":"category","embeddable":true,"href":"https:\/\/www.vmnoticias.info\/index.php?rest_route=%2Fwp%2Fv2%2Fcategories&post=1085"},{"taxonomy":"post_tag","embeddable":true,"href":"https:\/\/www.vmnoticias.info\/index.php?rest_route=%2Fwp%2Fv2%2Ftags&post=1085"}],"curies":[{"name":"wp","href":"https:\/\/api.w.org\/{rel}","templated":true}]}}