{"id":11583,"date":"2026-09-04T01:32:23","date_gmt":"2026-09-04T06:32:23","guid":{"rendered":"https:\/\/www.vmnoticias.info\/?p=11583"},"modified":"2026-09-05T01:36:04","modified_gmt":"2026-09-05T06:36:04","slug":"el-estudiante-de-veterinaria-de-la-uat-se-encuentra-en-buen-estado-de-salud-y-fue-dado-de-alta","status":"publish","type":"post","link":"https:\/\/www.vmnoticias.info\/?p=11583","title":{"rendered":"El estudiante de Veterinaria de la UAT se encuentra en buen estado de salud y fue dado de alta"},"content":{"rendered":"<p>Por Deyanira Vega<br \/>\nCiudad Victoria, Tam.-<br \/>\n.  No se permiten actividades de presi\u00f3n entre los alumnos: Director de la Facultad<br \/>\n\u2022\tLa instituci\u00f3n colabora de forma abierta y transparente con las autoridades correspondientes para el total esclarecimiento de lo sucedido.<\/p>\n<p>La Facultad de Medicina Veterinaria y Zootecnia \u201cDr. Norberto Trevi\u00f1o Zapata\u201d de la Universidad Aut\u00f3noma de Tamaulipas (FMVZ-UAT), reafirm\u00f3 su total compromiso por aclarar a profundidad los hechos ocurridos recientemente en este plantel, en los que result\u00f3 afectado un estudiante for\u00e1neo de nuevo ingreso que present\u00f3 complicaciones de salud tras un hecho aislado que se suscit\u00f3 fuera del programa institucional.<br \/>\nEl director de la FMVZ UAT, Dr. Octavio Merino Charrez, reiter\u00f3 que la Defensor\u00eda de los Derechos Universitarios de la UAT interviene para llevar a cabo una investigaci\u00f3n interna, y exhaustiva. Se\u00f1al\u00f3 que, al mismo tiempo, la instituci\u00f3n colabora de forma abierta y transparente con las autoridades correspondientes para el total esclarecimiento de lo sucedido.<br \/>\nEn entrevista, el directivo sostuvo que, aun cuando \u00e9l no se encontraba en la ciudad al momento del suceso, la administraci\u00f3n activ\u00f3 de inmediato los protocolos internos de atenci\u00f3n en cuanto se tuvo conocimiento de que el alumno \u00c1ngel Tadeo presentaba malestar f\u00edsico.<br \/>\n\u00abDesde un inicio, cuando supimos que el joven se estaba sintiendo mal, el personal del \u00e1rea m\u00e9dica de aqu\u00ed de la facultad le prest\u00f3 los primeros auxilios. E inmediatamente despu\u00e9s ellos fueron quienes lo trasladaron tambi\u00e9n al Instituto Mexicano del Seguro Social y estuvieron ah\u00ed al pendiente durante todo el tiempo hasta que se dio de alta el joven\u00bb, puntualiz\u00f3.<br \/>\nRespecto al diagn\u00f3stico, la autoridad universitaria se\u00f1al\u00f3 que las indagatorias de las autoridades de la Fiscal\u00eda apuntan a que \u201cel joven sufri\u00f3 un golpe de calor y eso fue lo que ocasion\u00f3 que tuviera que ser trasladado al hospital\u201d, precis\u00f3.<br \/>\nEL ESTUDIANTE FUE DADO DE ALTA<br \/>\nResalt\u00f3 que tras la atenci\u00f3n especializada necesaria y el seguimiento m\u00e9dico en el que personal directivo y administrativo de la facultad estuvo presente, el joven fue dado de alta el d\u00eda de ayer (jueves) y se encuentra recuperando favorablemente.<br \/>\nPor otro lado, subray\u00f3 que, desde el primer momento, la direcci\u00f3n de la facultad entabl\u00f3 comunicaci\u00f3n directa con la familia del estudiante para poner a su disposici\u00f3n todo el apoyo log\u00edstico, administrativo y de acompa\u00f1amiento necesario.<br \/>\nEnfatiz\u00f3 que este tipo de pr\u00e1cticas entre estudiantes no forman parte del calendario acad\u00e9mico ni est\u00e1n autorizadas por la instituci\u00f3n. Asimismo, subray\u00f3 la postura de cero tolerancia ante actividades que arriesguen su integridad.<br \/>\n\u00abNosotros dimos la indicaci\u00f3n de que no se llevaran a cabo este tipo de actividades en las cuales pusieran en peligro, pues la salud de los estudiantes. Son actividades que ya no se llevan a cabo; en este caso, bueno, pues fue un hecho aislado. Nosotros ya tenemos tiempo que las quitamos y la verdad es que hacemos actividades que son l\u00fadicas con todos los j\u00f3venes, sobre todo cuestiones de deportes, hacemos convivencias, comidas, hacemos bailes, etc\u00e9tera, pero siempre cuidando que no pueda resultar lastimado alg\u00fan estudiante\u00bb.<br \/>\nMerino Charrez a\u00f1adi\u00f3 que prueba de ello es que el d\u00eda del incidente las actividades docentes y administrativas se desarrollaban con total normalidad, din\u00e1mica que contin\u00faa hasta la fecha bajo los est\u00e1ndares de calidad y profesionalismo que caracterizan a la universidad.<br \/>\nPor \u00faltimo, subray\u00f3 el firme compromiso de ser una instituci\u00f3n de puertas abiertas a la verdad, de brindar el respaldo absoluto a sus alumnos y promover convivencias formativas, deportivas y l\u00fadicas en un entorno seguro y confiable para toda su comunidad estudiantil.<\/p>\n","protected":false},"excerpt":{"rendered":"<p>Por Deyanira Vega Ciudad Victoria, Tam.- . No se permiten actividades de presi\u00f3n entre los alumnos: Director de la Facultad \u2022 La instituci\u00f3n colabora de forma abierta y transparente con las autoridades correspondientes para el total esclarecimiento de lo sucedido. La Facultad de Medicina Veterinaria y Zootecnia \u201cDr. Norberto Trevi\u00f1o Zapata\u201d de la Universidad Aut\u00f3noma [&hellip;]<\/p>\n","protected":false},"author":1,"featured_media":11584,"comment_status":"closed","ping_status":"closed","sticky":false,"template":"","format":"standard","meta":{"footnotes":""},"categories":[59],"tags":[],"class_list":["post-11583","post","type-post","status-publish","format-standard","has-post-thumbnail","hentry","category-boletines"],"_links":{"self":[{"href":"https:\/\/www.vmnoticias.info\/index.php?rest_route=\/wp\/v2\/posts\/11583","targetHints":{"allow":["GET"]}}],"collection":[{"href":"https:\/\/www.vmnoticias.info\/index.php?rest_route=\/wp\/v2\/posts"}],"about":[{"href":"https:\/\/www.vmnoticias.info\/index.php?rest_route=\/wp\/v2\/types\/post"}],"author":[{"embeddable":true,"href":"https:\/\/www.vmnoticias.info\/index.php?rest_route=\/wp\/v2\/users\/1"}],"replies":[{"embeddable":true,"href":"https:\/\/www.vmnoticias.info\/index.php?rest_route=%2Fwp%2Fv2%2Fcomments&post=11583"}],"version-history":[{"count":1,"href":"https:\/\/www.vmnoticias.info\/index.php?rest_route=\/wp\/v2\/posts\/11583\/revisions"}],"predecessor-version":[{"id":11585,"href":"https:\/\/www.vmnoticias.info\/index.php?rest_route=\/wp\/v2\/posts\/11583\/revisions\/11585"}],"wp:featuredmedia":[{"embeddable":true,"href":"https:\/\/www.vmnoticias.info\/index.php?rest_route=\/wp\/v2\/media\/11584"}],"wp:attachment":[{"href":"https:\/\/www.vmnoticias.info\/index.php?rest_route=%2Fwp%2Fv2%2Fmedia&parent=11583"}],"wp:term":[{"taxonomy":"category","embeddable":true,"href":"https:\/\/www.vmnoticias.info\/index.php?rest_route=%2Fwp%2Fv2%2Fcategories&post=11583"},{"taxonomy":"post_tag","embeddable":true,"href":"https:\/\/www.vmnoticias.info\/index.php?rest_route=%2Fwp%2Fv2%2Ftags&post=11583"}],"curies":[{"name":"wp","href":"https:\/\/api.w.org\/{rel}","templated":true}]}}