{"id":153,"date":"2021-04-27T02:28:53","date_gmt":"2021-04-27T02:28:53","guid":{"rendered":"https:\/\/www.vmnoticias.info\/?p=153"},"modified":"2021-05-03T02:33:06","modified_gmt":"2021-05-03T02:33:06","slug":"lanza-pcyb-nuevo-llamado-a-conciencia-y-responsabilidad","status":"publish","type":"post","link":"https:\/\/www.vmnoticias.info\/?p=153","title":{"rendered":"Lanza PCyB nuevo llamado a conciencia y responsabilidad"},"content":{"rendered":"<p>Yani Vega Mar\u00edn<\/p>\n<p>Reynosa, Tamaulipas.- <span style=\"font-size: 14px;\">La\u00a0 Coordinaci\u00f3n de Protecci\u00f3n Civil y Bomberos del Municipio, lanz\u00f3 un nuevo llamado a la conciencia y la responsabilidad ciudadana, con el fin de evitar los incendios que ocurren diariamente en nuestra ciudad.\u00a0<\/span><\/p>\n<p>La encargada del despacho de la dependencia, dio a conocer que tiene instrucciones de la Alcaldesa, como representante del R. Ayuntamiento, para estar pendientes con el personal suficiente a atender los reportes de la poblaci\u00f3n a la mayor brevedad.<\/p>\n<p>Revel\u00f3 la funcionaria municipal que el d\u00eda viernes 23 fueron combatidos 3 incendios; una incineraci\u00f3n de llantas en la colonia El Olmo, incendio de basura en la colonia La Presa y el incendio vivienda en el fraccionamiento Puerta Grande.<\/p>\n<p>Los elementos de la corporaci\u00f3n abatieron 7 incendios el s\u00e1bado 24, en su mayor\u00eda pastizales, incidentes que ocurren en su mayor\u00eda por descuido al quemar basura o por lanzar cigarrillos que inician la combusti\u00f3n en el pasto seco.<\/p>\n<p>Tambi\u00e9n el domingo 25 de abril fueron atendidos tres reportes en distintas colonias, dijo la encargada de PCyB, quien insisti\u00f3 en evitar la quema de basura y pastizales para evitar poner en riesgo la propiedad y la integridad f\u00edsica de otros ciudadanos.<\/p>\n<p>Tel\u00e9fonos: PCyB 8999550010 y 8999550011 y N\u00famero de Emergencias 911.<\/p>\n<p><img loading=\"lazy\" decoding=\"async\" class=\"size-full wp-image-155 aligncenter\" src=\"http:\/\/www.vmnoticias.info\/wp-content\/uploads\/2021\/05\/lll.jpg\" alt=\"\" width=\"476\" height=\"640\" srcset=\"https:\/\/www.vmnoticias.info\/wp-content\/uploads\/2021\/05\/lll.jpg 476w, https:\/\/www.vmnoticias.info\/wp-content\/uploads\/2021\/05\/lll-223x300.jpg 223w\" sizes=\"auto, (max-width: 476px) 100vw, 476px\" \/><\/p>\n","protected":false},"excerpt":{"rendered":"<p>Yani Vega Mar\u00edn Reynosa, Tamaulipas.- La\u00a0 Coordinaci\u00f3n de Protecci\u00f3n Civil y Bomberos del Municipio, lanz\u00f3 un nuevo llamado a la conciencia y la responsabilidad ciudadana, con el fin de evitar los incendios que ocurren diariamente en nuestra ciudad.\u00a0 La encargada del despacho de la dependencia, dio a conocer que tiene instrucciones de la Alcaldesa, como [&hellip;]<\/p>\n","protected":false},"author":1,"featured_media":154,"comment_status":"open","ping_status":"open","sticky":false,"template":"","format":"standard","meta":{"footnotes":""},"categories":[45],"tags":[],"class_list":["post-153","post","type-post","status-publish","format-standard","has-post-thumbnail","hentry","category-importante"],"_links":{"self":[{"href":"https:\/\/www.vmnoticias.info\/index.php?rest_route=\/wp\/v2\/posts\/153","targetHints":{"allow":["GET"]}}],"collection":[{"href":"https:\/\/www.vmnoticias.info\/index.php?rest_route=\/wp\/v2\/posts"}],"about":[{"href":"https:\/\/www.vmnoticias.info\/index.php?rest_route=\/wp\/v2\/types\/post"}],"author":[{"embeddable":true,"href":"https:\/\/www.vmnoticias.info\/index.php?rest_route=\/wp\/v2\/users\/1"}],"replies":[{"embeddable":true,"href":"https:\/\/www.vmnoticias.info\/index.php?rest_route=%2Fwp%2Fv2%2Fcomments&post=153"}],"version-history":[{"count":0,"href":"https:\/\/www.vmnoticias.info\/index.php?rest_route=\/wp\/v2\/posts\/153\/revisions"}],"wp:featuredmedia":[{"embeddable":true,"href":"https:\/\/www.vmnoticias.info\/index.php?rest_route=\/wp\/v2\/media\/154"}],"wp:attachment":[{"href":"https:\/\/www.vmnoticias.info\/index.php?rest_route=%2Fwp%2Fv2%2Fmedia&parent=153"}],"wp:term":[{"taxonomy":"category","embeddable":true,"href":"https:\/\/www.vmnoticias.info\/index.php?rest_route=%2Fwp%2Fv2%2Fcategories&post=153"},{"taxonomy":"post_tag","embeddable":true,"href":"https:\/\/www.vmnoticias.info\/index.php?rest_route=%2Fwp%2Fv2%2Ftags&post=153"}],"curies":[{"name":"wp","href":"https:\/\/api.w.org\/{rel}","templated":true}]}}