{"id":172,"date":"2021-04-14T02:53:15","date_gmt":"2021-04-14T02:53:15","guid":{"rendered":"https:\/\/www.vmnoticias.info\/?p=172"},"modified":"2021-05-03T02:55:29","modified_gmt":"2021-05-03T02:55:29","slug":"vacunan-a-adultos-mayores-en-auditorio-municipal-cuartel-militar-y-parque-cultural-reynosa","status":"publish","type":"post","link":"https:\/\/www.vmnoticias.info\/?p=172","title":{"rendered":"Vacunan a adultos mayores en Auditorio Municipal, Cuartel Militar y Parque Cultural Reynosa"},"content":{"rendered":"<p>Yani Vega Mar\u00edn<\/p>\n<p>Reynosa, Tamaulipas.- A nombre del R. Ayuntamiento de Reynosa, la Presidente Municipal exhorta a la comunidad, a proteger contra la enfermedad COVID-19 a las personas de 60 a\u00f1os y m\u00e1s, acudiendo a los 3 Centros de Vacunaci\u00f3n COVID-19, de 8 de la ma\u00f1ana a 6 de la tarde.<\/p>\n<p>Para recibir la vacuna, los ciudadanos deben ser llevados al Auditorio Municipal o el Cuartel Militar, con su Folio \u2018Mi Vacuna\u2019, copia de identificaci\u00f3n oficial y de comprobante de domicilio, para esperar turno en \u00e1rea de sillas y\u00a0 sombrillas, donde adem\u00e1s hay dotaci\u00f3n de agua y disposici\u00f3n de servicios sanitarios.<\/p>\n<p>-Orden por inicial de primer apellido:<br \/>\nJueves 15: S, T y U.<br \/>\nViernes 16: V, W y X.<br \/>\nS\u00e1bado 17: Y y Z.<br \/>\nDomingo 18: Rezago y localidades.-<\/p>\n<p>El Parque Cultural Reynosa contin\u00faa con la atenci\u00f3n r\u00e1pida a personas a bordo de su veh\u00edculo, mediante la Estrategia Conjunta de Vacunaci\u00f3n, un programa sin fines pol\u00edticos, llevado a cabo en esta ciudad bajo la coordinaci\u00f3n de los tres \u00f3rdenes de Gobierno, que buscan proteger del virus SARS-CoV2 a los adultos mayores.<\/p>\n","protected":false},"excerpt":{"rendered":"<p>Yani Vega Mar\u00edn Reynosa, Tamaulipas.- A nombre del R. Ayuntamiento de Reynosa, la Presidente Municipal exhorta a la comunidad, a proteger contra la enfermedad COVID-19 a las personas de 60 a\u00f1os y m\u00e1s, acudiendo a los 3 Centros de Vacunaci\u00f3n COVID-19, de 8 de la ma\u00f1ana a 6 de la tarde. Para recibir la vacuna, [&hellip;]<\/p>\n","protected":false},"author":1,"featured_media":173,"comment_status":"open","ping_status":"open","sticky":false,"template":"","format":"standard","meta":{"footnotes":""},"categories":[45],"tags":[],"class_list":["post-172","post","type-post","status-publish","format-standard","has-post-thumbnail","hentry","category-importante"],"_links":{"self":[{"href":"https:\/\/www.vmnoticias.info\/index.php?rest_route=\/wp\/v2\/posts\/172","targetHints":{"allow":["GET"]}}],"collection":[{"href":"https:\/\/www.vmnoticias.info\/index.php?rest_route=\/wp\/v2\/posts"}],"about":[{"href":"https:\/\/www.vmnoticias.info\/index.php?rest_route=\/wp\/v2\/types\/post"}],"author":[{"embeddable":true,"href":"https:\/\/www.vmnoticias.info\/index.php?rest_route=\/wp\/v2\/users\/1"}],"replies":[{"embeddable":true,"href":"https:\/\/www.vmnoticias.info\/index.php?rest_route=%2Fwp%2Fv2%2Fcomments&post=172"}],"version-history":[{"count":0,"href":"https:\/\/www.vmnoticias.info\/index.php?rest_route=\/wp\/v2\/posts\/172\/revisions"}],"wp:featuredmedia":[{"embeddable":true,"href":"https:\/\/www.vmnoticias.info\/index.php?rest_route=\/wp\/v2\/media\/173"}],"wp:attachment":[{"href":"https:\/\/www.vmnoticias.info\/index.php?rest_route=%2Fwp%2Fv2%2Fmedia&parent=172"}],"wp:term":[{"taxonomy":"category","embeddable":true,"href":"https:\/\/www.vmnoticias.info\/index.php?rest_route=%2Fwp%2Fv2%2Fcategories&post=172"},{"taxonomy":"post_tag","embeddable":true,"href":"https:\/\/www.vmnoticias.info\/index.php?rest_route=%2Fwp%2Fv2%2Ftags&post=172"}],"curies":[{"name":"wp","href":"https:\/\/api.w.org\/{rel}","templated":true}]}}