{"id":181,"date":"2021-04-12T03:03:23","date_gmt":"2021-04-12T03:03:23","guid":{"rendered":"https:\/\/www.vmnoticias.info\/?p=181"},"modified":"2021-05-03T03:06:50","modified_gmt":"2021-05-03T03:06:50","slug":"vacunacion-en-reynosa-no-registra-casos-de-reaccion-negativa","status":"publish","type":"post","link":"https:\/\/www.vmnoticias.info\/?p=181","title":{"rendered":"Vacunaci\u00f3n en Reynosa no registra casos de reacci\u00f3n negativa"},"content":{"rendered":"<p>Yani Vega Mar\u00edn<\/p>\n<p>Reynosa, Tamaulipas.-\u00a0La Presidente Municipal de Reynosa inform\u00f3 que al segundo d\u00eda de la aplicaci\u00f3n de la vacuna contra COVID-19 en esta localidad, no se tiene registro de ning\u00fan caso con reacci\u00f3n negativa en la primera de las dos aplicaciones y el desarrollo del programa es muy fluido.<\/p>\n<p>\u201cRecordando a los adultos mayores que usen sana distancia, cubrebocas, tomando las medicinas si tienen tratamiento, hay que tomarlas antes de ir a recibir la vacuna; nosotros lo vamos a hacer lo m\u00e1s fluido que se pueda\u201d, dijo.<\/p>\n<p>En su investidura como primera autoridad y representante del Republicano Ayuntamiento, la Alcaldesa dio a conocer que para comodidad de los ciudadanos, el Gobierno Municipal instal\u00f3 sillas protegidas por toldos, ba\u00f1os port\u00e1tiles y puntos de hidrataci\u00f3n.<\/p>\n<p>En Reynosa se cuenta con 4 Centros de Vacunaci\u00f3n ordinaria, para hacer fila, en el CBTIS de la colonia Petrolera, en el CETIS de las Granjas, Auditorio Municipal y Cuartel Militar, adem\u00e1s de dos para aplicaci\u00f3n en veh\u00edculo, en el Parque Cultural Reynosa y el Gimnasio Multidisciplinario de la UAT, de 8 AM a 6 PM.<\/p>\n","protected":false},"excerpt":{"rendered":"<p>Yani Vega Mar\u00edn Reynosa, Tamaulipas.-\u00a0La Presidente Municipal de Reynosa inform\u00f3 que al segundo d\u00eda de la aplicaci\u00f3n de la vacuna contra COVID-19 en esta localidad, no se tiene registro de ning\u00fan caso con reacci\u00f3n negativa en la primera de las dos aplicaciones y el desarrollo del programa es muy fluido. \u201cRecordando a los adultos mayores [&hellip;]<\/p>\n","protected":false},"author":1,"featured_media":182,"comment_status":"open","ping_status":"open","sticky":false,"template":"","format":"standard","meta":{"footnotes":""},"categories":[45],"tags":[],"class_list":["post-181","post","type-post","status-publish","format-standard","has-post-thumbnail","hentry","category-importante"],"_links":{"self":[{"href":"https:\/\/www.vmnoticias.info\/index.php?rest_route=\/wp\/v2\/posts\/181","targetHints":{"allow":["GET"]}}],"collection":[{"href":"https:\/\/www.vmnoticias.info\/index.php?rest_route=\/wp\/v2\/posts"}],"about":[{"href":"https:\/\/www.vmnoticias.info\/index.php?rest_route=\/wp\/v2\/types\/post"}],"author":[{"embeddable":true,"href":"https:\/\/www.vmnoticias.info\/index.php?rest_route=\/wp\/v2\/users\/1"}],"replies":[{"embeddable":true,"href":"https:\/\/www.vmnoticias.info\/index.php?rest_route=%2Fwp%2Fv2%2Fcomments&post=181"}],"version-history":[{"count":0,"href":"https:\/\/www.vmnoticias.info\/index.php?rest_route=\/wp\/v2\/posts\/181\/revisions"}],"wp:featuredmedia":[{"embeddable":true,"href":"https:\/\/www.vmnoticias.info\/index.php?rest_route=\/wp\/v2\/media\/182"}],"wp:attachment":[{"href":"https:\/\/www.vmnoticias.info\/index.php?rest_route=%2Fwp%2Fv2%2Fmedia&parent=181"}],"wp:term":[{"taxonomy":"category","embeddable":true,"href":"https:\/\/www.vmnoticias.info\/index.php?rest_route=%2Fwp%2Fv2%2Fcategories&post=181"},{"taxonomy":"post_tag","embeddable":true,"href":"https:\/\/www.vmnoticias.info\/index.php?rest_route=%2Fwp%2Fv2%2Ftags&post=181"}],"curies":[{"name":"wp","href":"https:\/\/api.w.org\/{rel}","templated":true}]}}