{"id":184,"date":"2021-04-09T03:06:59","date_gmt":"2021-04-09T03:06:59","guid":{"rendered":"https:\/\/www.vmnoticias.info\/?p=184"},"modified":"2021-05-03T03:10:42","modified_gmt":"2021-05-03T03:10:42","slug":"invita-alcaldesa-de-reynosa-a-adultos-mayores-a-recibir-vacuna-anti-covid-19","status":"publish","type":"post","link":"https:\/\/www.vmnoticias.info\/?p=184","title":{"rendered":"Invita Alcaldesa de Reynosa a adultos mayores a recibir vacuna anti COVID-19"},"content":{"rendered":"<p>Yani Vega Mar\u00edn<\/p>\n<p>Reynosa, Tamaulipas.-\u00a0A nombre del Ayuntamiento, la Alcaldesa de Reynosa hizo la invitaci\u00f3n para que los adultos de 60 a\u00f1os y m\u00e1s asistan a vacunarse contra la COVID-19 en la fecha correcta y con los documentos que marca la convocatoria: \u201cEs muy importante que lleven los requisitos, sacar su Folio en la p\u00e1gina \u2018Mi Vacuna\u2019, es f\u00e1cil de obtener\u201d.<\/p>\n<p>-Es imprescindible portar cubrebocas, presentar su Folio, en el Centro de Vacunaci\u00f3n, copia de comprobante de domicilio y copia de identificaci\u00f3n oficial.-<\/p>\n<p>Los centros de vacunaci\u00f3n para adultos de 60 a\u00f1os y m\u00e1s, est\u00e1n ubicados en el CBTIS 7 de la colonia Petrolera; CETIS 131, de las Granjas; Auditorio Municipal del fraccionamiento Vista Hermosa y Cuartel Militar de la carretera a Matamoros en la colonia Almaguer, donde los ciudadanos recibir\u00e1n su primer vacuna y posteriormente la segunda dosis.<\/p>\n<p>Adem\u00e1s de esas ubicaciones en las que se hace fila, hay dos puntos para recibir la vacuna a bordo del autom\u00f3vil: en el Gimnasio Multidisciplinario de la UAT, de calle El\u00edas Pi\u00f1a y bulevar Del Maestro, y en el Parque Cultural Reynosa del Libramiento Oriente, todos con servicio de 8:00 de la ma\u00f1ana a 6:00 de la tarde.<\/p>\n<p>Este viernes 9 de abril fueron vacunados los adultos cuyo primer apellido inicia con A, B y C, el s\u00e1bado 10 ser\u00e1n atendidos quienes tienen la letra D, E y F al inicio de sus apellidos y a quienes no alcanzaron el d\u00eda anterior. El domingo 11 se est\u00e1 citando a personas con letra inicial G, H e I, y el lunes J, K y L.<\/p>\n<p>\u201cSi se les dificulta obtener su Folio, vayan al DIF, ah\u00ed les ayudan a sacarlo, hay que llevar la CURP y un recibo con su domicilio\u201d, dijo la Presidente Municipal de Reynosa.<\/p>\n","protected":false},"excerpt":{"rendered":"<p>Yani Vega Mar\u00edn Reynosa, Tamaulipas.-\u00a0A nombre del Ayuntamiento, la Alcaldesa de Reynosa hizo la invitaci\u00f3n para que los adultos de 60 a\u00f1os y m\u00e1s asistan a vacunarse contra la COVID-19 en la fecha correcta y con los documentos que marca la convocatoria: \u201cEs muy importante que lleven los requisitos, sacar su Folio en la p\u00e1gina [&hellip;]<\/p>\n","protected":false},"author":1,"featured_media":185,"comment_status":"open","ping_status":"open","sticky":false,"template":"","format":"standard","meta":{"footnotes":""},"categories":[45],"tags":[],"class_list":["post-184","post","type-post","status-publish","format-standard","has-post-thumbnail","hentry","category-importante"],"_links":{"self":[{"href":"https:\/\/www.vmnoticias.info\/index.php?rest_route=\/wp\/v2\/posts\/184","targetHints":{"allow":["GET"]}}],"collection":[{"href":"https:\/\/www.vmnoticias.info\/index.php?rest_route=\/wp\/v2\/posts"}],"about":[{"href":"https:\/\/www.vmnoticias.info\/index.php?rest_route=\/wp\/v2\/types\/post"}],"author":[{"embeddable":true,"href":"https:\/\/www.vmnoticias.info\/index.php?rest_route=\/wp\/v2\/users\/1"}],"replies":[{"embeddable":true,"href":"https:\/\/www.vmnoticias.info\/index.php?rest_route=%2Fwp%2Fv2%2Fcomments&post=184"}],"version-history":[{"count":0,"href":"https:\/\/www.vmnoticias.info\/index.php?rest_route=\/wp\/v2\/posts\/184\/revisions"}],"wp:featuredmedia":[{"embeddable":true,"href":"https:\/\/www.vmnoticias.info\/index.php?rest_route=\/wp\/v2\/media\/185"}],"wp:attachment":[{"href":"https:\/\/www.vmnoticias.info\/index.php?rest_route=%2Fwp%2Fv2%2Fmedia&parent=184"}],"wp:term":[{"taxonomy":"category","embeddable":true,"href":"https:\/\/www.vmnoticias.info\/index.php?rest_route=%2Fwp%2Fv2%2Fcategories&post=184"},{"taxonomy":"post_tag","embeddable":true,"href":"https:\/\/www.vmnoticias.info\/index.php?rest_route=%2Fwp%2Fv2%2Ftags&post=184"}],"curies":[{"name":"wp","href":"https:\/\/api.w.org\/{rel}","templated":true}]}}