{"id":190,"date":"2021-04-06T03:14:41","date_gmt":"2021-04-06T03:14:41","guid":{"rendered":"https:\/\/www.vmnoticias.info\/?p=190"},"modified":"2023-06-06T01:22:07","modified_gmt":"2023-06-06T06:22:07","slug":"ayuntamiento-trabajara-en-coordinacion-con-la-federacion-para-la-vacunacion-contra-el-covid-19-alcaldesa","status":"publish","type":"post","link":"https:\/\/www.vmnoticias.info\/?p=190","title":{"rendered":"\u201cAyuntamiento trabajar\u00e1 en coordinaci\u00f3n con la Federaci\u00f3n para la vacunaci\u00f3n contra el COVID-19\u201d: Alcaldesa"},"content":{"rendered":"<p>Yani Vega Mar\u00edn<\/p>\n<p>Reynosa, Tamaulipas.-\u00a0El gobierno Federal dio a conocer a trav\u00e9s de sus p\u00e1ginas oficiales, que del 9 al 18 de abril llevar\u00e1n a cabo la aplicaci\u00f3n de la primera dosis de vacunaci\u00f3n contra el COVID-19 para el sector de los adultos mayores de esta frontera. En este sentido, la alcaldesa de Reynosa, se refiri\u00f3 al respecto, y adelant\u00f3 que se estar\u00e1 trabajando de manera coordinada, y aportar\u00e1 todos los mecanismos para que este proceso se lleve de manera r\u00e1pida y sin contratiempos.<\/p>\n<p>\u201cVa haber diferentes lugares, y aqu\u00ed tengo todos los datos, ya los estamos publicando. Es una colaboraci\u00f3n que estamos haciendo los 3 niveles de gobierno para ayudarnos a que esto sea muy r\u00e1pido. Esperemos que todos los adultos mayores de 60 a\u00f1os vayan, asistan a vacunarse\u201d.<\/p>\n<p>El registro se hace v\u00eda internet, y los que a\u00fan no lo han hecho, pueden acudir al DIF para que ah\u00ed los apoyen con este tr\u00e1mite, \u201cvamos a cooperar todos, vamos a trabajar en coordinaci\u00f3n los 3 niveles de gobierno para que los ciudadanos se beneficien lo m\u00e1s pronto posible de esta vacunaci\u00f3n\u201d.<\/p>\n<p>La edil, les recomienda a la poblaci\u00f3n evitar hacer fila con anticipaci\u00f3n, \u201cno vayan m\u00e1s que el d\u00eda que les toca, que no se vayan a poner en las letras que no les corresponden. Ah\u00ed est\u00e1 muy claro que d\u00edas tienen que ir de acuerdo al apellido, y si no se amontonan vamos a poder sacarlo adelante, son muchos lugares que estamos poniendo para que sea f\u00e1cil, las personas que no puedan caminar o estar en pie, pues pueden hacerlo en auto en esos dos lugares que van a ser con auto\u00bb.<\/p>\n<p>La brigada de vacunaci\u00f3n contra el covid iniciar\u00e1 el viernes 9 de abril a partir de las 8:00am en los siguientes puntos:<\/p>\n<p>-CBTis 7<br \/>\n-CETis 131<br \/>\n-Auditorio Municipal<br \/>\n-Cuartel Militar<br \/>\n-Parque Cultural en auto (Drive Thru)<br \/>\n-Gimnasio de la UAT en auto (Drive Thru)<\/p>\n<p>Se estar\u00e1 implementando la aplicaci\u00f3n de la vacuna de acuerdo a la primera letra de su apellido paterno, y deben llevar una copia de su CURP y un comprobante de domicilio. En caso de ya estar registrados, llevar su n\u00famero de folio, si no est\u00e1n registrados en cada punto de vacunaci\u00f3n habr\u00e1 personal apoy\u00e1ndolos con su registro.<\/p>\n<p>El Ayuntamiento apoyar\u00e1 de ser necesario con rutas de transporte para las personas que lo necesiten, adem\u00e1s de la aportaci\u00f3n de insumos, \u201ccon mesas, con sillas, toldos. Cada uno de los tres niveles est\u00e1 aportando algo para que todos podamos salir adelante. El gobierno Federal pues est\u00e1 trayendo las vacunas, que es muy importante, el gobierno estatal est\u00e1 poniendo algunos lugares, recursos humanos, nosotros estamos poniendo insumos\u2026 todos apoyando para que esta vacunaci\u00f3n sea \u00e1gil y para que se vacune lo m\u00e1s pronto posible\u201d.<\/p>\n<div class=\"sharedaddy sd-sharing-enabled\">\n<div class=\"robots-nocontent sd-block sd-social sd-social-official sd-sharing\">\n<h3 class=\"sd-title\">Compartir<\/h3>\n<\/div>\n<\/div>\n","protected":false},"excerpt":{"rendered":"<p>Yani Vega Mar\u00edn Reynosa, Tamaulipas.-\u00a0El gobierno Federal dio a conocer a trav\u00e9s de sus p\u00e1ginas oficiales, que del 9 al 18 de abril llevar\u00e1n a cabo la aplicaci\u00f3n de la primera dosis de vacunaci\u00f3n contra el COVID-19 para el sector de los adultos mayores de esta frontera. En este sentido, la alcaldesa de Reynosa, se [&hellip;]<\/p>\n","protected":false},"author":1,"featured_media":191,"comment_status":"open","ping_status":"open","sticky":false,"template":"","format":"standard","meta":{"footnotes":""},"categories":[45],"tags":[],"class_list":["post-190","post","type-post","status-publish","format-standard","has-post-thumbnail","hentry","category-importante"],"_links":{"self":[{"href":"https:\/\/www.vmnoticias.info\/index.php?rest_route=\/wp\/v2\/posts\/190","targetHints":{"allow":["GET"]}}],"collection":[{"href":"https:\/\/www.vmnoticias.info\/index.php?rest_route=\/wp\/v2\/posts"}],"about":[{"href":"https:\/\/www.vmnoticias.info\/index.php?rest_route=\/wp\/v2\/types\/post"}],"author":[{"embeddable":true,"href":"https:\/\/www.vmnoticias.info\/index.php?rest_route=\/wp\/v2\/users\/1"}],"replies":[{"embeddable":true,"href":"https:\/\/www.vmnoticias.info\/index.php?rest_route=%2Fwp%2Fv2%2Fcomments&post=190"}],"version-history":[{"count":0,"href":"https:\/\/www.vmnoticias.info\/index.php?rest_route=\/wp\/v2\/posts\/190\/revisions"}],"wp:featuredmedia":[{"embeddable":true,"href":"https:\/\/www.vmnoticias.info\/index.php?rest_route=\/wp\/v2\/media\/191"}],"wp:attachment":[{"href":"https:\/\/www.vmnoticias.info\/index.php?rest_route=%2Fwp%2Fv2%2Fmedia&parent=190"}],"wp:term":[{"taxonomy":"category","embeddable":true,"href":"https:\/\/www.vmnoticias.info\/index.php?rest_route=%2Fwp%2Fv2%2Fcategories&post=190"},{"taxonomy":"post_tag","embeddable":true,"href":"https:\/\/www.vmnoticias.info\/index.php?rest_route=%2Fwp%2Fv2%2Ftags&post=190"}],"curies":[{"name":"wp","href":"https:\/\/api.w.org\/{rel}","templated":true}]}}