{"id":197,"date":"2021-05-03T23:09:52","date_gmt":"2021-05-04T04:09:52","guid":{"rendered":"https:\/\/www.vmnoticias.info\/?p=197"},"modified":"2021-05-03T23:09:52","modified_gmt":"2021-05-04T04:09:52","slug":"llama-jcz-a-no-convocar-a-marchas-estamos-en-covid-senores","status":"publish","type":"post","link":"https:\/\/www.vmnoticias.info\/?p=197","title":{"rendered":"Llama JCZ a no convocar a  marchas; \u201cestamos en Covid, se\u00f1ores\u00bb"},"content":{"rendered":"<p>Yani Vega Mar\u00edn<\/p>\n<p>Reynosa, Tamaulipas.- El candidato a la alcald\u00eda de Reynosa por el partido de Movimiento Ciudadano, Juan Carlos Zertuche Romero, hace un llamado a todos los candidatos, \u201cque convocan a marchas y a eventos, seguimos en Covid se\u00f1ores, est\u00e1 en aumento\u201d, lo anterior en alusi\u00f3n al \u201cgallo\u00bb que convoc\u00f3 este domingo \u00a0el Partido Acci\u00f3n Nacional en apoyo al mandatario estatal FGCV.<\/p>\n<p>Agreg\u00f3, \u201cyo no s\u00e9 que pase en el tema de estrategia de ellos, no s\u00e9 si se est\u00e9n viendo perdidos, la verdad es que yo entiendo que estemos en un proceso electoral, yo entiendo las viejas pr\u00e1cticas de acarrear gente, movilizar gente, ayer nos topamos con varios eventos en colonias, la verdad es que eso no se puede, no podemos jugar ya con la salud de la gente, ya hemos perdido demasiado\u201d, dijo el candidato durante su tradicional conferencia de los lunes.<\/p>\n<p>Subray\u00f3, que tanto \u00e9l como los dem\u00e1s candidatos de su partido est\u00e1n siendo responsables con este tema y evitan las concentraciones masivas, por lo que recalca el llamado a los dem\u00e1s partidos para que no caigan en la imprudencia.<\/p>\n<p>Por otra parte, el candidato se\u00f1al\u00f3 que el objetivo de esta semana es posicionar a este partido en el segundo lugar de las encuestas, pues ya se encuentra como la tercera fuerza en esta frontera, \u201cMovimiento Ciudadano quedar\u00e1 en segundo lugar de las encuestas, no me queda ni la menor duda que el d\u00eda de hoy estanos en tercer lugar, este Movimiento va en crecimiento, y que la lucha de poderes entre los partidos pol\u00edticos tradicionales nos est\u00e1 favoreciendo, y adem\u00e1s el gran trabajo que est\u00e1 realizando cada uno de los candidatos que representa Movimiento Ciudadano\u201d.<\/p>\n","protected":false},"excerpt":{"rendered":"<p>Yani Vega Mar\u00edn Reynosa, Tamaulipas.- El candidato a la alcald\u00eda de Reynosa por el partido de Movimiento Ciudadano, Juan Carlos Zertuche Romero, hace un llamado a todos los candidatos, \u201cque convocan a marchas y a eventos, seguimos en Covid se\u00f1ores, est\u00e1 en aumento\u201d, lo anterior en alusi\u00f3n al \u201cgallo\u00bb que convoc\u00f3 este domingo \u00a0el Partido [&hellip;]<\/p>\n","protected":false},"author":1,"featured_media":198,"comment_status":"open","ping_status":"open","sticky":false,"template":"","format":"standard","meta":{"footnotes":""},"categories":[45],"tags":[],"class_list":["post-197","post","type-post","status-publish","format-standard","has-post-thumbnail","hentry","category-importante"],"_links":{"self":[{"href":"https:\/\/www.vmnoticias.info\/index.php?rest_route=\/wp\/v2\/posts\/197","targetHints":{"allow":["GET"]}}],"collection":[{"href":"https:\/\/www.vmnoticias.info\/index.php?rest_route=\/wp\/v2\/posts"}],"about":[{"href":"https:\/\/www.vmnoticias.info\/index.php?rest_route=\/wp\/v2\/types\/post"}],"author":[{"embeddable":true,"href":"https:\/\/www.vmnoticias.info\/index.php?rest_route=\/wp\/v2\/users\/1"}],"replies":[{"embeddable":true,"href":"https:\/\/www.vmnoticias.info\/index.php?rest_route=%2Fwp%2Fv2%2Fcomments&post=197"}],"version-history":[{"count":0,"href":"https:\/\/www.vmnoticias.info\/index.php?rest_route=\/wp\/v2\/posts\/197\/revisions"}],"wp:featuredmedia":[{"embeddable":true,"href":"https:\/\/www.vmnoticias.info\/index.php?rest_route=\/wp\/v2\/media\/198"}],"wp:attachment":[{"href":"https:\/\/www.vmnoticias.info\/index.php?rest_route=%2Fwp%2Fv2%2Fmedia&parent=197"}],"wp:term":[{"taxonomy":"category","embeddable":true,"href":"https:\/\/www.vmnoticias.info\/index.php?rest_route=%2Fwp%2Fv2%2Fcategories&post=197"},{"taxonomy":"post_tag","embeddable":true,"href":"https:\/\/www.vmnoticias.info\/index.php?rest_route=%2Fwp%2Fv2%2Ftags&post=197"}],"curies":[{"name":"wp","href":"https:\/\/api.w.org\/{rel}","templated":true}]}}