{"id":204,"date":"2021-05-03T23:17:47","date_gmt":"2021-05-04T04:17:47","guid":{"rendered":"https:\/\/www.vmnoticias.info\/?p=204"},"modified":"2021-05-03T23:17:47","modified_gmt":"2021-05-04T04:17:47","slug":"acusa-carlos-pena-persecucion-del-estado","status":"publish","type":"post","link":"https:\/\/www.vmnoticias.info\/?p=204","title":{"rendered":"Acusa Carlos Pe\u00f1a persecuci\u00f3n del Estado"},"content":{"rendered":"<p>Yani Vega Mar\u00edn<\/p>\n<p>Reynosa, Tamaulipas.- Carlos Pe\u00f1a Ortiz, candidato a la alcald\u00eda de Reynosa por la coalici\u00f3n Morena-Pt, lament\u00f3 que en Tamaulipas haya persecuciones pol\u00edticas, \u201csolo por pensar diferente\u201d, y agreg\u00f3 que los candidatos de Morena en los 43 municipios, \u201ca todos los han acusado y denostado sistem\u00e1ticamente por las instituciones del gobierno del Estado, y eso es muy lamentable\u201d.<\/p>\n<p>Antes de iniciar el proceso electoral ning\u00fan candidato contaba con se\u00f1alamientos, pero inici\u00f3 el proceso y ya cuentan con denuncias, \u201cpuras barbaridades y puras mentiras, y a todos nos quieren meter al bote, o peor a\u00fan no sabemos. Es muy lamentable\u201d.<\/p>\n<p>\u201cNo es lo mismo que t\u00fa tengas arrastrando acusaciones de hace veinte a\u00f1os y porque te est\u00e1n solapando los gobiernos no te hagan algo, no es lo mismo. Lo que es lamentable es que empiece un proceso electoral y nadamas porque empezaste el proceso electoral, ah\u00ed van, en contra de uno, en contra de todos por pensar diferente, pero aqu\u00ed no nos vamos a rajar y no les tenemos miedo, vamos con todo para poder establecer la esperanza aqu\u00ed en Tamaulipas, y Reynosa va a ser la punta de lanza en crear esa esperanza\u201d.<\/p>\n<p>El candidato, denunci\u00f3 que \u00e9l al igual que su familia ha sido perseguido por el Estado, \u201cpero no nos da miedo, estamos acostumbrados, ustedes saben que a mi familia y a su servidor nos han denostado desde hace mucho tiempo, es normal en este tipo de situaciones, estamos acostumbrados, desgraciadamente estamos en un ambiente donde ya es normal\u201d, dijo el candidato durante su conferencia de los lunes donde dio a conocer otro de sus ejes de campa\u00f1a.<\/p>\n","protected":false},"excerpt":{"rendered":"<p>Yani Vega Mar\u00edn Reynosa, Tamaulipas.- Carlos Pe\u00f1a Ortiz, candidato a la alcald\u00eda de Reynosa por la coalici\u00f3n Morena-Pt, lament\u00f3 que en Tamaulipas haya persecuciones pol\u00edticas, \u201csolo por pensar diferente\u201d, y agreg\u00f3 que los candidatos de Morena en los 43 municipios, \u201ca todos los han acusado y denostado sistem\u00e1ticamente por las instituciones del gobierno del Estado, [&hellip;]<\/p>\n","protected":false},"author":1,"featured_media":205,"comment_status":"open","ping_status":"open","sticky":false,"template":"","format":"standard","meta":{"footnotes":""},"categories":[45],"tags":[],"class_list":["post-204","post","type-post","status-publish","format-standard","has-post-thumbnail","hentry","category-importante"],"_links":{"self":[{"href":"https:\/\/www.vmnoticias.info\/index.php?rest_route=\/wp\/v2\/posts\/204","targetHints":{"allow":["GET"]}}],"collection":[{"href":"https:\/\/www.vmnoticias.info\/index.php?rest_route=\/wp\/v2\/posts"}],"about":[{"href":"https:\/\/www.vmnoticias.info\/index.php?rest_route=\/wp\/v2\/types\/post"}],"author":[{"embeddable":true,"href":"https:\/\/www.vmnoticias.info\/index.php?rest_route=\/wp\/v2\/users\/1"}],"replies":[{"embeddable":true,"href":"https:\/\/www.vmnoticias.info\/index.php?rest_route=%2Fwp%2Fv2%2Fcomments&post=204"}],"version-history":[{"count":0,"href":"https:\/\/www.vmnoticias.info\/index.php?rest_route=\/wp\/v2\/posts\/204\/revisions"}],"wp:featuredmedia":[{"embeddable":true,"href":"https:\/\/www.vmnoticias.info\/index.php?rest_route=\/wp\/v2\/media\/205"}],"wp:attachment":[{"href":"https:\/\/www.vmnoticias.info\/index.php?rest_route=%2Fwp%2Fv2%2Fmedia&parent=204"}],"wp:term":[{"taxonomy":"category","embeddable":true,"href":"https:\/\/www.vmnoticias.info\/index.php?rest_route=%2Fwp%2Fv2%2Fcategories&post=204"},{"taxonomy":"post_tag","embeddable":true,"href":"https:\/\/www.vmnoticias.info\/index.php?rest_route=%2Fwp%2Fv2%2Ftags&post=204"}],"curies":[{"name":"wp","href":"https:\/\/api.w.org\/{rel}","templated":true}]}}