{"id":212,"date":"2021-05-04T23:07:23","date_gmt":"2021-05-05T04:07:23","guid":{"rendered":"https:\/\/www.vmnoticias.info\/?p=212"},"modified":"2021-05-04T23:07:23","modified_gmt":"2021-05-05T04:07:23","slug":"emite-salud-municipal-recomendaciones-ante-ola-de-calor","status":"publish","type":"post","link":"https:\/\/www.vmnoticias.info\/?p=212","title":{"rendered":"Emite Salud municipal recomendaciones ante ola de calor"},"content":{"rendered":"<p>Yani Vega Mar\u00edn<\/p>\n<p><img loading=\"lazy\" decoding=\"async\" class=\"alignright size-full wp-image-213\" src=\"http:\/\/www.vmnoticias.info\/wp-content\/uploads\/2021\/05\/RECOMENDACIONES-4-MAYO-2021.jpg\" alt=\"\" width=\"750\" height=\"400\" srcset=\"https:\/\/www.vmnoticias.info\/wp-content\/uploads\/2021\/05\/RECOMENDACIONES-4-MAYO-2021.jpg 750w, https:\/\/www.vmnoticias.info\/wp-content\/uploads\/2021\/05\/RECOMENDACIONES-4-MAYO-2021-300x160.jpg 300w\" sizes=\"auto, (max-width: 750px) 100vw, 750px\" \/><\/p>\n<p>Reynosa, Tamaulipas.- Ante las altas temperaturas, el titular del \u00e1rea de salud y grupos vulnerables en Reynosa, Tom\u00e1s Ortega Banda,\u00a0recomienda a la poblaci\u00f3n extremar precauciones y no exponerse al sol durante mucho tiempo, as\u00ed como tambi\u00e9n evitar el consumo de alimentos en la v\u00eda p\u00fablica.<\/p>\n<p>\u201cA\u00f1o tras a\u00f1o cuando se incrementan las temperaturas altas en nuestra ciudad, el Ayuntamiento de Reynosa a trav\u00e9s de la direcci\u00f3n de Salud recomendamos a todos los grupos vulnerables -mayores de 60 a\u00f1os y ni\u00f1os y a las personas que tengan algunas enfermedad cr\u00f3nico degenerativa-, mantenernos bien hidratados y mantenernos protegidos de los rayos ultravioleta\u201d.<\/p>\n<p>Se recomienda utilizar protector solar, ingerir agua, usar ropa fresca \u00a0y evitar en la medida de lo posible las salidas a la calle y sobre todo en las horas pico -10 ma\u00f1ana a 3 de la tarde-, y a las personas que se dedican a hacer ejercicio que lo hagan o muy temprano o ya en la tarde, \u201cya que caigan los rayos del sol\u201d.<\/p>\n","protected":false},"excerpt":{"rendered":"<p>Yani Vega Mar\u00edn Reynosa, Tamaulipas.- Ante las altas temperaturas, el titular del \u00e1rea de salud y grupos vulnerables en Reynosa, Tom\u00e1s Ortega Banda,\u00a0recomienda a la poblaci\u00f3n extremar precauciones y no exponerse al sol durante mucho tiempo, as\u00ed como tambi\u00e9n evitar el consumo de alimentos en la v\u00eda p\u00fablica. \u201cA\u00f1o tras a\u00f1o cuando se incrementan las [&hellip;]<\/p>\n","protected":false},"author":1,"featured_media":0,"comment_status":"open","ping_status":"open","sticky":false,"template":"","format":"standard","meta":{"footnotes":""},"categories":[45],"tags":[],"class_list":["post-212","post","type-post","status-publish","format-standard","hentry","category-importante"],"_links":{"self":[{"href":"https:\/\/www.vmnoticias.info\/index.php?rest_route=\/wp\/v2\/posts\/212","targetHints":{"allow":["GET"]}}],"collection":[{"href":"https:\/\/www.vmnoticias.info\/index.php?rest_route=\/wp\/v2\/posts"}],"about":[{"href":"https:\/\/www.vmnoticias.info\/index.php?rest_route=\/wp\/v2\/types\/post"}],"author":[{"embeddable":true,"href":"https:\/\/www.vmnoticias.info\/index.php?rest_route=\/wp\/v2\/users\/1"}],"replies":[{"embeddable":true,"href":"https:\/\/www.vmnoticias.info\/index.php?rest_route=%2Fwp%2Fv2%2Fcomments&post=212"}],"version-history":[{"count":0,"href":"https:\/\/www.vmnoticias.info\/index.php?rest_route=\/wp\/v2\/posts\/212\/revisions"}],"wp:attachment":[{"href":"https:\/\/www.vmnoticias.info\/index.php?rest_route=%2Fwp%2Fv2%2Fmedia&parent=212"}],"wp:term":[{"taxonomy":"category","embeddable":true,"href":"https:\/\/www.vmnoticias.info\/index.php?rest_route=%2Fwp%2Fv2%2Fcategories&post=212"},{"taxonomy":"post_tag","embeddable":true,"href":"https:\/\/www.vmnoticias.info\/index.php?rest_route=%2Fwp%2Fv2%2Ftags&post=212"}],"curies":[{"name":"wp","href":"https:\/\/api.w.org\/{rel}","templated":true}]}}