{"id":231,"date":"2021-05-05T23:35:21","date_gmt":"2021-05-06T04:35:21","guid":{"rendered":"https:\/\/www.vmnoticias.info\/?p=231"},"modified":"2021-05-05T23:35:21","modified_gmt":"2021-05-06T04:35:21","slug":"iza-gobierno-de-reynosa-bandera-mexicana-por-luto-nacional","status":"publish","type":"post","link":"https:\/\/www.vmnoticias.info\/?p=231","title":{"rendered":"Iza Gobierno de Reynosa Bandera Mexicana por luto nacional"},"content":{"rendered":"<div class=\"o9v6fnle cxmmr5t8 oygrvhab hcukyx3x c1et5uql ii04i59q\">\n<div dir=\"auto\">Yani Vega Mar\u00edn<\/div>\n<div dir=\"auto\">Reynosa, Tamaulipas..- La Direcci\u00f3n de Educaci\u00f3n, del Gobierno Municipal de Reynosa, activ\u00f3 el protocolo del izamiento de la Bandera de M\u00e9xico, a media asta, en cumplimiento al ordenamiento presidencial por luto nacional.<\/div>\n<\/div>\n<div class=\"o9v6fnle cxmmr5t8 oygrvhab hcukyx3x c1et5uql ii04i59q\">\n<div dir=\"auto\">Este martes 4 de mayo, la dependencia del R. Ayuntamiento, con el apoyo del personal operativo de la Direcci\u00f3n de Tr\u00e1nsito y Vialidad, iz\u00f3 el L\u00e1baro Patrio en la plaza principal Miguel Hidalgo, a media asta por duelo nacional; este mi\u00e9rcoles 5 a lo alto por la Batalla de Puebla.<\/div>\n<\/div>\n<div class=\"o9v6fnle cxmmr5t8 oygrvhab hcukyx3x c1et5uql ii04i59q\">\n<div dir=\"auto\">De acuerdo a la publicaci\u00f3n hecha por el Gobierno de M\u00e9xico en su Diario Oficial, en el pa\u00eds se conmemora luto nacional durante los d\u00edas 4, y 6 de mayo, como muestra de solidaridad hacia los familiares de las v\u00edctimas mortales del accidente de la L\u00ednea 12 del Metro en la capital del pa\u00eds.<\/div>\n<\/div>\n<div class=\"o9v6fnle cxmmr5t8 oygrvhab hcukyx3x c1et5uql ii04i59q\">\n<div dir=\"auto\">El Gobierno Municipal a trav\u00e9s de la Direcci\u00f3n de Educaci\u00f3n se conduele de la pena de las familias mexicanas y espera su pronta resignaci\u00f3n, expresando un sentido p\u00e9same a nombre de esta administraci\u00f3n p\u00fablica 2018-2021, y de los reynosenses.<\/div>\n<div dir=\"auto\"><img loading=\"lazy\" decoding=\"async\" class=\"alignright size-full wp-image-232\" src=\"http:\/\/www.vmnoticias.info\/wp-content\/uploads\/2021\/05\/ban.jpg\" alt=\"\" width=\"720\" height=\"540\" srcset=\"https:\/\/www.vmnoticias.info\/wp-content\/uploads\/2021\/05\/ban.jpg 720w, https:\/\/www.vmnoticias.info\/wp-content\/uploads\/2021\/05\/ban-300x225.jpg 300w, https:\/\/www.vmnoticias.info\/wp-content\/uploads\/2021\/05\/ban-400x300.jpg 400w, https:\/\/www.vmnoticias.info\/wp-content\/uploads\/2021\/05\/ban-136x102.jpg 136w\" sizes=\"auto, (max-width: 720px) 100vw, 720px\" \/><\/div>\n<\/div>\n","protected":false},"excerpt":{"rendered":"<p>Yani Vega Mar\u00edn Reynosa, Tamaulipas..- La Direcci\u00f3n de Educaci\u00f3n, del Gobierno Municipal de Reynosa, activ\u00f3 el protocolo del izamiento de la Bandera de M\u00e9xico, a media asta, en cumplimiento al ordenamiento presidencial por luto nacional. Este martes 4 de mayo, la dependencia del R. Ayuntamiento, con el apoyo del personal operativo de la Direcci\u00f3n de [&hellip;]<\/p>\n","protected":false},"author":1,"featured_media":0,"comment_status":"open","ping_status":"open","sticky":false,"template":"","format":"standard","meta":{"footnotes":""},"categories":[45],"tags":[],"class_list":["post-231","post","type-post","status-publish","format-standard","hentry","category-importante"],"_links":{"self":[{"href":"https:\/\/www.vmnoticias.info\/index.php?rest_route=\/wp\/v2\/posts\/231","targetHints":{"allow":["GET"]}}],"collection":[{"href":"https:\/\/www.vmnoticias.info\/index.php?rest_route=\/wp\/v2\/posts"}],"about":[{"href":"https:\/\/www.vmnoticias.info\/index.php?rest_route=\/wp\/v2\/types\/post"}],"author":[{"embeddable":true,"href":"https:\/\/www.vmnoticias.info\/index.php?rest_route=\/wp\/v2\/users\/1"}],"replies":[{"embeddable":true,"href":"https:\/\/www.vmnoticias.info\/index.php?rest_route=%2Fwp%2Fv2%2Fcomments&post=231"}],"version-history":[{"count":0,"href":"https:\/\/www.vmnoticias.info\/index.php?rest_route=\/wp\/v2\/posts\/231\/revisions"}],"wp:attachment":[{"href":"https:\/\/www.vmnoticias.info\/index.php?rest_route=%2Fwp%2Fv2%2Fmedia&parent=231"}],"wp:term":[{"taxonomy":"category","embeddable":true,"href":"https:\/\/www.vmnoticias.info\/index.php?rest_route=%2Fwp%2Fv2%2Fcategories&post=231"},{"taxonomy":"post_tag","embeddable":true,"href":"https:\/\/www.vmnoticias.info\/index.php?rest_route=%2Fwp%2Fv2%2Ftags&post=231"}],"curies":[{"name":"wp","href":"https:\/\/api.w.org\/{rel}","templated":true}]}}