{"id":3657,"date":"2023-08-06T20:12:40","date_gmt":"2023-08-07T01:12:40","guid":{"rendered":"https:\/\/www.vmnoticias.info\/?p=3657"},"modified":"2023-08-06T20:12:41","modified_gmt":"2023-08-07T01:12:41","slug":"%f0%9f%92%a2reanuda-la-uat-labores-administrativas","status":"publish","type":"post","link":"https:\/\/www.vmnoticias.info\/?p=3657","title":{"rendered":"&#x1f4a2;Reanuda la UAT labores administrativas"},"content":{"rendered":"<p>Por Deyanira Vega<br \/>\nReynosa, Tamaulipas.-La Universidad Aut\u00f3noma de Tamaulipas (UAT) reanuda este lunes 7 de agosto sus actividades administrativas tanto en las oficinas dependientes de la Rector\u00eda como en las dependencias acad\u00e9micas distribuidas en las zonas norte, centro y sur del estado.<\/p>\n<p>Por instrucciones del rector C.P. Guillermo Mendoza Cavazos, las diferentes \u00e1reas y dependencias de la #UAT dar\u00e1n seguimiento a las actividades para el inicio del ciclo escolar 2023-3 (per\u00edodo de oto\u00f1o).<\/p>\n<p>Despu\u00e9s de un periodo vacacional que abarc\u00f3 del 24 de julio al 4 de agosto, el personal administrativo y directivo regresa a sus actividades, con lo cual se estar\u00e1 trabajando para el inicio de las clases del periodo que comprende de agosto a diciembre.<\/p>\n<p>Conforme lo marca el calendario escolar-administrativo 2023 de la UAT, se han programado una serie de actividades clave para la comunidad estudiantil en las pr\u00f3ximas semanas.<\/p>\n<p>En ese sentido, se inici\u00f3 con el periodo de reinscripciones para los estudiantes que cursan las diferentes licenciaturas que ofrece la m\u00e1xima casa de estudios del estado, cuyo proceso estar\u00e1 abierto todo el mes de agosto.<\/p>\n<p>A partir del 11 de agosto se dar\u00e1n a conocer los resultados del examen CENEVAL de ingreso al nivel superior (EXANI II), y posteriormente, a partir del 14 de agosto se abrir\u00e1n las inscripciones para estudiantes de nuevo ingreso.<br \/>\nEl 21 de agosto est\u00e1 programado el inicio de clases del ciclo escolar de oto\u00f1o, con lo cual se pondr\u00e1 en marcha el nuevo modelo educativo y acad\u00e9mico de la UAT, que ha sido implementado por el rector Guillermo Mendoza Cavazos, con el prop\u00f3sito es fortalecer la educaci\u00f3n integral, la trayectoria estudiantil y la vida universitaria.<\/p>\n<p>Para m\u00e1s informaci\u00f3n sobre fechas y procedimientos del per\u00edodo de inscripciones y reinscripciones, se recomienda a estudiantes y familiares visitar el sitio web oficial y redes sociales de la Universidad Aut\u00f3noma de Tamaulipas o contactar directamente a la dependencia acad\u00e9mica correspondiente.<\/p>\n","protected":false},"excerpt":{"rendered":"<p>Por Deyanira Vega Reynosa, Tamaulipas.-La Universidad Aut\u00f3noma de Tamaulipas (UAT) reanuda este lunes 7 de agosto sus actividades administrativas tanto en las oficinas dependientes de la Rector\u00eda como en las dependencias acad\u00e9micas distribuidas en las zonas norte, centro y sur del estado. Por instrucciones del rector C.P. Guillermo Mendoza Cavazos, las diferentes \u00e1reas y dependencias [&hellip;]<\/p>\n","protected":false},"author":1,"featured_media":3658,"comment_status":"closed","ping_status":"closed","sticky":false,"template":"","format":"standard","meta":{"footnotes":""},"categories":[45],"tags":[],"class_list":["post-3657","post","type-post","status-publish","format-standard","has-post-thumbnail","hentry","category-importante"],"_links":{"self":[{"href":"https:\/\/www.vmnoticias.info\/index.php?rest_route=\/wp\/v2\/posts\/3657","targetHints":{"allow":["GET"]}}],"collection":[{"href":"https:\/\/www.vmnoticias.info\/index.php?rest_route=\/wp\/v2\/posts"}],"about":[{"href":"https:\/\/www.vmnoticias.info\/index.php?rest_route=\/wp\/v2\/types\/post"}],"author":[{"embeddable":true,"href":"https:\/\/www.vmnoticias.info\/index.php?rest_route=\/wp\/v2\/users\/1"}],"replies":[{"embeddable":true,"href":"https:\/\/www.vmnoticias.info\/index.php?rest_route=%2Fwp%2Fv2%2Fcomments&post=3657"}],"version-history":[{"count":1,"href":"https:\/\/www.vmnoticias.info\/index.php?rest_route=\/wp\/v2\/posts\/3657\/revisions"}],"predecessor-version":[{"id":3659,"href":"https:\/\/www.vmnoticias.info\/index.php?rest_route=\/wp\/v2\/posts\/3657\/revisions\/3659"}],"wp:featuredmedia":[{"embeddable":true,"href":"https:\/\/www.vmnoticias.info\/index.php?rest_route=\/wp\/v2\/media\/3658"}],"wp:attachment":[{"href":"https:\/\/www.vmnoticias.info\/index.php?rest_route=%2Fwp%2Fv2%2Fmedia&parent=3657"}],"wp:term":[{"taxonomy":"category","embeddable":true,"href":"https:\/\/www.vmnoticias.info\/index.php?rest_route=%2Fwp%2Fv2%2Fcategories&post=3657"},{"taxonomy":"post_tag","embeddable":true,"href":"https:\/\/www.vmnoticias.info\/index.php?rest_route=%2Fwp%2Fv2%2Ftags&post=3657"}],"curies":[{"name":"wp","href":"https:\/\/api.w.org\/{rel}","templated":true}]}}