{"id":3670,"date":"2023-08-08T20:34:12","date_gmt":"2023-08-09T01:34:12","guid":{"rendered":"https:\/\/www.vmnoticias.info\/?p=3670"},"modified":"2023-08-08T20:34:13","modified_gmt":"2023-08-09T01:34:13","slug":"apoyan-en-reynosa-a-mas-de-200-pacientes-con-aparatos-auditivos","status":"publish","type":"post","link":"https:\/\/www.vmnoticias.info\/?p=3670","title":{"rendered":"Apoyan en Reynosa a m\u00e1s de 200 pacientes con Aparatos Auditivos"},"content":{"rendered":"<p>&#8211; Encabez\u00f3 el Presidente Municipal la entrega con el DIF-Reynosa e iniciativa privada<br \/>\nPor Yani Vega<br \/>\nReynosa, Tamaulipas.-El Alcalde Carlos Pe\u00f1a Ortiz presidi\u00f3 este martes 8 de agosto la Entrega de Aparatos Auditivos 2023, con la que ser\u00e1n beneficiadas m\u00e1s de 200 personas entre ni\u00f1os, j\u00f3venes y adultos, a quienes se les da una nueva oportunidad de escuchar para mejorar su calidad de vida.<\/p>\n<p>\u00abEste tipo de beneficios se logra con la participaci\u00f3n de la iniciativa privada; agradezco a la Fundaci\u00f3n MVS Radio y a la cadena Smart por ayudar con los redondeos; esos centavos que dejamos nos ayudan a financiar estos programas y mejorar las condiciones de vida de much\u00edsimos ciudadanos\u00bb, dijo el Alcalde al reconocer la colaboraci\u00f3n.<\/p>\n<p>A nombre de los 218 beneficiarios y en presencia de Rosario Hern\u00e1ndez Reyes, Gerente Administrativo regional representante de supermercados Smart, la se\u00f1ora Br\u00edgida C\u00e1rdenas S\u00e1nchez dio un mensaje: \u00abagradecemos al Alcalde Carlos Pe\u00f1a Ortiz y al DIF-Reynosa por ser un canal para que esta ayuda llegue a nosotros\u00bb.<\/p>\n<p>Acompa\u00f1ado por la Diputada Federal Claudia Hern\u00e1ndez S\u00e1enz, por la Directora del DIF-Reynosa, Gabriela Rosas Blanco y por la Regidora Margarita Ortega Padr\u00f3n, Coordinadora de la Comisi\u00f3n de Salud, el Alcalde hizo entrega simb\u00f3lica de Aparatos Auditivos a la ni\u00f1a Juana Yulissa Guzm\u00e1n y a otros cuatro beneficiarios.<\/p>\n<p>En el recorrido por los m\u00f3dulos de atenci\u00f3n el Presidente Municipal fue acompa\u00f1ado por el representante de la Fundaci\u00f3n MVS Radio, Carlos Idelfonso Mu\u00f1oz Arvizu, quien hizo una demostraci\u00f3n del mecanismo de atenci\u00f3n a los pacientes a quienes se hace la donaci\u00f3n mediante el programa Ponte Oreja.<\/p>\n<p>A la ceremonia asistieron: Faride Iga Carrizales, Coordinadora de Salud del DIF-Reynosa y por parte del Cabildo local, Patricia Ram\u00edrez Ruiz, Mar\u00eda Luisa Tavares Salda\u00f1a, Mar\u00eda Teresa M\u00e1rquez Lim\u00f3n, Mar\u00eda Esther Camargo F\u00e9lix, Anaid Alarc\u00f3n Montoya y Carlos Alberto Ram\u00edrez L\u00f3pez.<\/p>\n","protected":false},"excerpt":{"rendered":"<p>&#8211; Encabez\u00f3 el Presidente Municipal la entrega con el DIF-Reynosa e iniciativa privada Por Yani Vega Reynosa, Tamaulipas.-El Alcalde Carlos Pe\u00f1a Ortiz presidi\u00f3 este martes 8 de agosto la Entrega de Aparatos Auditivos 2023, con la que ser\u00e1n beneficiadas m\u00e1s de 200 personas entre ni\u00f1os, j\u00f3venes y adultos, a quienes se les da una nueva [&hellip;]<\/p>\n","protected":false},"author":1,"featured_media":3671,"comment_status":"closed","ping_status":"closed","sticky":false,"template":"","format":"standard","meta":{"footnotes":""},"categories":[45],"tags":[],"class_list":["post-3670","post","type-post","status-publish","format-standard","has-post-thumbnail","hentry","category-importante"],"_links":{"self":[{"href":"https:\/\/www.vmnoticias.info\/index.php?rest_route=\/wp\/v2\/posts\/3670","targetHints":{"allow":["GET"]}}],"collection":[{"href":"https:\/\/www.vmnoticias.info\/index.php?rest_route=\/wp\/v2\/posts"}],"about":[{"href":"https:\/\/www.vmnoticias.info\/index.php?rest_route=\/wp\/v2\/types\/post"}],"author":[{"embeddable":true,"href":"https:\/\/www.vmnoticias.info\/index.php?rest_route=\/wp\/v2\/users\/1"}],"replies":[{"embeddable":true,"href":"https:\/\/www.vmnoticias.info\/index.php?rest_route=%2Fwp%2Fv2%2Fcomments&post=3670"}],"version-history":[{"count":1,"href":"https:\/\/www.vmnoticias.info\/index.php?rest_route=\/wp\/v2\/posts\/3670\/revisions"}],"predecessor-version":[{"id":3672,"href":"https:\/\/www.vmnoticias.info\/index.php?rest_route=\/wp\/v2\/posts\/3670\/revisions\/3672"}],"wp:featuredmedia":[{"embeddable":true,"href":"https:\/\/www.vmnoticias.info\/index.php?rest_route=\/wp\/v2\/media\/3671"}],"wp:attachment":[{"href":"https:\/\/www.vmnoticias.info\/index.php?rest_route=%2Fwp%2Fv2%2Fmedia&parent=3670"}],"wp:term":[{"taxonomy":"category","embeddable":true,"href":"https:\/\/www.vmnoticias.info\/index.php?rest_route=%2Fwp%2Fv2%2Fcategories&post=3670"},{"taxonomy":"post_tag","embeddable":true,"href":"https:\/\/www.vmnoticias.info\/index.php?rest_route=%2Fwp%2Fv2%2Ftags&post=3670"}],"curies":[{"name":"wp","href":"https:\/\/api.w.org\/{rel}","templated":true}]}}