{"id":3677,"date":"2023-08-09T13:55:24","date_gmt":"2023-08-09T18:55:24","guid":{"rendered":"https:\/\/www.vmnoticias.info\/?p=3677"},"modified":"2023-08-09T13:55:25","modified_gmt":"2023-08-09T18:55:25","slug":"aprobo-cabildo-de-reynosa-proyecto-de-reglamento-de-la-administracion-publica-municipal","status":"publish","type":"post","link":"https:\/\/www.vmnoticias.info\/?p=3677","title":{"rendered":"Aprob\u00f3 Cabildo de Reynosa Proyecto de Reglamento de la administraci\u00f3n p\u00fablica municipal"},"content":{"rendered":"<p>Por Yani Vega<br \/>\nReynosa, Tamaulipas.-La Comisi\u00f3n Legislativa, del Cabildo de Reynosa, present\u00f3 la propuesta para an\u00e1lisis, discusi\u00f3n y en su caso aprobaci\u00f3n, del Proyecto de Reglamento de la administraci\u00f3n p\u00fablica municipal, en la LXXXII, Octog\u00e9sima Segunda Sesi\u00f3n Ordinaria, presidida por el Alcalde Carlos Pe\u00f1a Ortiz.<\/p>\n<p>Visto y analizado en su contenido, el pleno dio su voto un\u00e1nime el d\u00eda martes 8 de agosto del a\u00f1o en curso, para que sea turnado a su siguiente etapa, y que una vez establecido contribuya a mejorar los procesos administrativos del Gobierno Municipal en sus m\u00faltiples funciones.<\/p>\n","protected":false},"excerpt":{"rendered":"<p>Por Yani Vega Reynosa, Tamaulipas.-La Comisi\u00f3n Legislativa, del Cabildo de Reynosa, present\u00f3 la propuesta para an\u00e1lisis, discusi\u00f3n y en su caso aprobaci\u00f3n, del Proyecto de Reglamento de la administraci\u00f3n p\u00fablica municipal, en la LXXXII, Octog\u00e9sima Segunda Sesi\u00f3n Ordinaria, presidida por el Alcalde Carlos Pe\u00f1a Ortiz. Visto y analizado en su contenido, el pleno dio su [&hellip;]<\/p>\n","protected":false},"author":1,"featured_media":3678,"comment_status":"closed","ping_status":"closed","sticky":false,"template":"","format":"standard","meta":{"footnotes":""},"categories":[45],"tags":[],"class_list":["post-3677","post","type-post","status-publish","format-standard","has-post-thumbnail","hentry","category-importante"],"_links":{"self":[{"href":"https:\/\/www.vmnoticias.info\/index.php?rest_route=\/wp\/v2\/posts\/3677","targetHints":{"allow":["GET"]}}],"collection":[{"href":"https:\/\/www.vmnoticias.info\/index.php?rest_route=\/wp\/v2\/posts"}],"about":[{"href":"https:\/\/www.vmnoticias.info\/index.php?rest_route=\/wp\/v2\/types\/post"}],"author":[{"embeddable":true,"href":"https:\/\/www.vmnoticias.info\/index.php?rest_route=\/wp\/v2\/users\/1"}],"replies":[{"embeddable":true,"href":"https:\/\/www.vmnoticias.info\/index.php?rest_route=%2Fwp%2Fv2%2Fcomments&post=3677"}],"version-history":[{"count":1,"href":"https:\/\/www.vmnoticias.info\/index.php?rest_route=\/wp\/v2\/posts\/3677\/revisions"}],"predecessor-version":[{"id":3679,"href":"https:\/\/www.vmnoticias.info\/index.php?rest_route=\/wp\/v2\/posts\/3677\/revisions\/3679"}],"wp:featuredmedia":[{"embeddable":true,"href":"https:\/\/www.vmnoticias.info\/index.php?rest_route=\/wp\/v2\/media\/3678"}],"wp:attachment":[{"href":"https:\/\/www.vmnoticias.info\/index.php?rest_route=%2Fwp%2Fv2%2Fmedia&parent=3677"}],"wp:term":[{"taxonomy":"category","embeddable":true,"href":"https:\/\/www.vmnoticias.info\/index.php?rest_route=%2Fwp%2Fv2%2Fcategories&post=3677"},{"taxonomy":"post_tag","embeddable":true,"href":"https:\/\/www.vmnoticias.info\/index.php?rest_route=%2Fwp%2Fv2%2Ftags&post=3677"}],"curies":[{"name":"wp","href":"https:\/\/api.w.org\/{rel}","templated":true}]}}