{"id":3707,"date":"2023-08-23T18:13:26","date_gmt":"2023-08-23T23:13:26","guid":{"rendered":"https:\/\/www.vmnoticias.info\/?p=3707"},"modified":"2023-08-23T18:13:27","modified_gmt":"2023-08-23T23:13:27","slug":"reanuda-uat-servicios-de-guarderia-para-hijos-de-sus-estudiantes","status":"publish","type":"post","link":"https:\/\/www.vmnoticias.info\/?p=3707","title":{"rendered":"Reanuda UAT servicios de guarder\u00eda para hijos de sus estudiantes"},"content":{"rendered":"<p>\u00b7 A trav\u00e9s de los C\u00edrculos de Desarrollo Infantil, el rector Guillermo Mendoza Cavazos reafirma el compromiso de la UAT de brindar atenci\u00f3n de calidad en el cuidado de los peque\u00f1os hijos de estudiantes padres y madres de familia.<\/p>\n<p>Por Yani Vega<br \/>\nReynosa, Tamaulipas.-Con el inicio del ciclo escolar de oto\u00f1o en la Universidad Aut\u00f3noma de Tamaulipas (UAT) se reanudaron tambi\u00e9n las actividades de los C\u00edrculos de Desarrollo Infantil ubicados en los campus de Ciudad Victoria y Tampico, que proporcionan servicios de guarder\u00eda y educaci\u00f3n preescolar a los hijos de sus estudiantes.<br \/>\nMediante esta prestaci\u00f3n de servicios, la guarder\u00eda universitaria reafirma el compromiso del rector Guillermo Mendoza Cavazos de brindar espacios seguros y educativos a los ni\u00f1os mientras sus padres toman clases en las diferentes dependencias acad\u00e9micas de la UAT.<br \/>\nEn ese contexto, la directora de la estancia infantil ubicada en Victoria, la Mtra. Claudia Cedillo de los Santos, inform\u00f3 en entrevista que en la actualidad hay 110 inscritos en todas las salas de esa guarder\u00eda, que incluye grupos de lactantes, maternal y preescolar.<br \/>\nComent\u00f3 que los infantes inscritos tienen edades comprendidas entre 45 d\u00edas de nacidos y 5 a\u00f1os 11 meses, y que el horario de atenci\u00f3n abarca desde las 7 de la ma\u00f1ana hasta las 7 de la tarde, permitiendo una flexibilidad en funci\u00f3n de las necesidades de los padres.<br \/>\nLa directora resalt\u00f3 que la semana actual es especialmente activa en t\u00e9rminos de inscripciones, ya que en esta etapa los padres de familia ajustan sus horarios y realizan altas y bajas de materias.<\/p>\n","protected":false},"excerpt":{"rendered":"<p>\u00b7 A trav\u00e9s de los C\u00edrculos de Desarrollo Infantil, el rector Guillermo Mendoza Cavazos reafirma el compromiso de la UAT de brindar atenci\u00f3n de calidad en el cuidado de los peque\u00f1os hijos de estudiantes padres y madres de familia. Por Yani Vega Reynosa, Tamaulipas.-Con el inicio del ciclo escolar de oto\u00f1o en la Universidad Aut\u00f3noma [&hellip;]<\/p>\n","protected":false},"author":1,"featured_media":3708,"comment_status":"closed","ping_status":"closed","sticky":false,"template":"","format":"standard","meta":{"footnotes":""},"categories":[45],"tags":[],"class_list":["post-3707","post","type-post","status-publish","format-standard","has-post-thumbnail","hentry","category-importante"],"_links":{"self":[{"href":"https:\/\/www.vmnoticias.info\/index.php?rest_route=\/wp\/v2\/posts\/3707","targetHints":{"allow":["GET"]}}],"collection":[{"href":"https:\/\/www.vmnoticias.info\/index.php?rest_route=\/wp\/v2\/posts"}],"about":[{"href":"https:\/\/www.vmnoticias.info\/index.php?rest_route=\/wp\/v2\/types\/post"}],"author":[{"embeddable":true,"href":"https:\/\/www.vmnoticias.info\/index.php?rest_route=\/wp\/v2\/users\/1"}],"replies":[{"embeddable":true,"href":"https:\/\/www.vmnoticias.info\/index.php?rest_route=%2Fwp%2Fv2%2Fcomments&post=3707"}],"version-history":[{"count":1,"href":"https:\/\/www.vmnoticias.info\/index.php?rest_route=\/wp\/v2\/posts\/3707\/revisions"}],"predecessor-version":[{"id":3709,"href":"https:\/\/www.vmnoticias.info\/index.php?rest_route=\/wp\/v2\/posts\/3707\/revisions\/3709"}],"wp:featuredmedia":[{"embeddable":true,"href":"https:\/\/www.vmnoticias.info\/index.php?rest_route=\/wp\/v2\/media\/3708"}],"wp:attachment":[{"href":"https:\/\/www.vmnoticias.info\/index.php?rest_route=%2Fwp%2Fv2%2Fmedia&parent=3707"}],"wp:term":[{"taxonomy":"category","embeddable":true,"href":"https:\/\/www.vmnoticias.info\/index.php?rest_route=%2Fwp%2Fv2%2Fcategories&post=3707"},{"taxonomy":"post_tag","embeddable":true,"href":"https:\/\/www.vmnoticias.info\/index.php?rest_route=%2Fwp%2Fv2%2Ftags&post=3707"}],"curies":[{"name":"wp","href":"https:\/\/api.w.org\/{rel}","templated":true}]}}