{"id":3710,"date":"2023-08-23T18:31:54","date_gmt":"2023-08-23T23:31:54","guid":{"rendered":"https:\/\/www.vmnoticias.info\/?p=3710"},"modified":"2023-08-23T18:31:54","modified_gmt":"2023-08-23T23:31:54","slug":"inicio-construccion-de-drenaje-sanitario-en-la-lopez-portillo-por-7-6-mdp","status":"publish","type":"post","link":"https:\/\/www.vmnoticias.info\/?p=3710","title":{"rendered":"Inici\u00f3 construcci\u00f3n de Drenaje Sanitario en la L\u00f3pez Portillo por 7.6 MDP"},"content":{"rendered":"<p>&#8211; Alcalde de Reynosa y vecinos de la colonia dieron el banderazo de arranque a la obra que beneficiar\u00e1 a m\u00e1s de 1,900 habitantes.<br \/>\nPor Yani Vega<br \/>\nReynosa, Tamaulipas.-Con la presencia de vecinos de de la colonia Jos\u00e9 L\u00f3pez Portillo, el Presidente Municipal Carlos Pe\u00f1a Ortiz, dio el banderazo de inicio a la rehabilitaci\u00f3n del Colector de Drenaje Sanitario en la calle Juan N. M\u00e9ndez, entre Rosal y Margaritas y en calle Margaritas entre carretera Reynosa-Matamoros y Juan N. M\u00e9ndez, donde se invertir\u00e1n 7&#8217;697,972.51 Pesos.<\/p>\n<p>Por medio del Programa de Obras M\u00e1s Grande en la Historia de Reynosa ser\u00e1 construido este importante sistema de conducci\u00f3n de aguas residuales, 430.28 Metros Lineales de tuber\u00eda Novafort de 20 Pulgadas de Di\u00e1metro, y atarjea con longitud de 430.28 Metros, de tuber\u00eda PVC de 8 Pulgadas de Di\u00e1metro, incluyendo 20 descargas sanitarias de 6 Pulgadas de Di\u00e1metro beneficiar\u00e1n a alrededor de 2,000 usuarios.<\/p>\n<p>En tres cuadras, el drenaje contar\u00e1 con dos pozos de visita para facilitar las maniobras de desazolve, en la obra en que tambi\u00e9n se instalar\u00e1n 10 tomas de agua potable nuevas, para que al reparar el pavimento queden las instalaciones de estos servicios en excelentes condiciones.<\/p>\n<p>Participaron en el arranque de obra, vecinos de la colonia, funcionarios municipales y miembros del Cabildo, entre ellos: los Secretarios, Eduardo L\u00f3pez Arias, de Obras P\u00fablicas; Hidilberta Vel\u00e1zquez Mendoza, de Desarrollo Social; Mauricio Trevi\u00f1o Garza, de Desarrollo Econ\u00f3mico, y el Regidor Coordinador de la Comisi\u00f3n de Asentamientos Humanos y Obras P\u00fablicas, Jos\u00e9 Antonio Ch\u00e1vez Herrera.<\/p>\n","protected":false},"excerpt":{"rendered":"<p>&#8211; Alcalde de Reynosa y vecinos de la colonia dieron el banderazo de arranque a la obra que beneficiar\u00e1 a m\u00e1s de 1,900 habitantes. Por Yani Vega Reynosa, Tamaulipas.-Con la presencia de vecinos de de la colonia Jos\u00e9 L\u00f3pez Portillo, el Presidente Municipal Carlos Pe\u00f1a Ortiz, dio el banderazo de inicio a la rehabilitaci\u00f3n del [&hellip;]<\/p>\n","protected":false},"author":1,"featured_media":3711,"comment_status":"closed","ping_status":"closed","sticky":false,"template":"","format":"standard","meta":{"footnotes":""},"categories":[45],"tags":[],"class_list":["post-3710","post","type-post","status-publish","format-standard","has-post-thumbnail","hentry","category-importante"],"_links":{"self":[{"href":"https:\/\/www.vmnoticias.info\/index.php?rest_route=\/wp\/v2\/posts\/3710","targetHints":{"allow":["GET"]}}],"collection":[{"href":"https:\/\/www.vmnoticias.info\/index.php?rest_route=\/wp\/v2\/posts"}],"about":[{"href":"https:\/\/www.vmnoticias.info\/index.php?rest_route=\/wp\/v2\/types\/post"}],"author":[{"embeddable":true,"href":"https:\/\/www.vmnoticias.info\/index.php?rest_route=\/wp\/v2\/users\/1"}],"replies":[{"embeddable":true,"href":"https:\/\/www.vmnoticias.info\/index.php?rest_route=%2Fwp%2Fv2%2Fcomments&post=3710"}],"version-history":[{"count":1,"href":"https:\/\/www.vmnoticias.info\/index.php?rest_route=\/wp\/v2\/posts\/3710\/revisions"}],"predecessor-version":[{"id":3712,"href":"https:\/\/www.vmnoticias.info\/index.php?rest_route=\/wp\/v2\/posts\/3710\/revisions\/3712"}],"wp:featuredmedia":[{"embeddable":true,"href":"https:\/\/www.vmnoticias.info\/index.php?rest_route=\/wp\/v2\/media\/3711"}],"wp:attachment":[{"href":"https:\/\/www.vmnoticias.info\/index.php?rest_route=%2Fwp%2Fv2%2Fmedia&parent=3710"}],"wp:term":[{"taxonomy":"category","embeddable":true,"href":"https:\/\/www.vmnoticias.info\/index.php?rest_route=%2Fwp%2Fv2%2Fcategories&post=3710"},{"taxonomy":"post_tag","embeddable":true,"href":"https:\/\/www.vmnoticias.info\/index.php?rest_route=%2Fwp%2Fv2%2Ftags&post=3710"}],"curies":[{"name":"wp","href":"https:\/\/api.w.org\/{rel}","templated":true}]}}