{"id":3723,"date":"2023-08-27T23:37:38","date_gmt":"2023-08-28T04:37:38","guid":{"rendered":"https:\/\/www.vmnoticias.info\/?p=3723"},"modified":"2023-08-27T23:37:38","modified_gmt":"2023-08-28T04:37:38","slug":"rector-de-la-uat-inaugura-la-feria-universitaria-del-libro-en-nuevo-laredo","status":"publish","type":"post","link":"https:\/\/www.vmnoticias.info\/?p=3723","title":{"rendered":"Rector de la UAT inaugura la Feria Universitaria del Libro en Nuevo Laredo"},"content":{"rendered":"<p>Por Deyanira Vega<br \/>\nNuevo Laredo, Tam.-En un acto de relevancia cultural y acad\u00e9mica, la Universidad Aut\u00f3noma de Tamaulipas (UAT) inici\u00f3 este s\u00e1bado la Feria Universitaria del Libro (FUL), en la ciudad de Nuevo Laredo, la cual ofrecer\u00e1, del 26 de agosto al 3 de septiembre, una amplia gama de actividades gratuitas que buscan fomentar el amor por los libros, la lectura y las artes.<br \/>\nLa ceremonia inaugural, presidida por el rector de la UAT, C. P. Guillermo Mendoza Cavazos, tuvo lugar en la Facultad de Comercio, Administraci\u00f3n y Ciencias Sociales, espacio que albergar\u00e1 esta edici\u00f3n de la FUL.<br \/>\nAcompa\u00f1ado por funcionarios de la rector\u00eda, directivos de unidades acad\u00e9micas y facultades, as\u00ed como por autoridades municipales y de instituciones educativas de Nuevo Laredo, el rector cort\u00f3 el list\u00f3n que inici\u00f3 ese foro literario y cultural.<br \/>\nEn su mensaje de apertura destac\u00f3 que la UAT es la \u00fanica universidad en el pa\u00eds que alberga cuatro ferias itinerantes, ya que en este a\u00f1o la FUL se llev\u00f3 a cabo, en el mes de abril, en Ciudad Victoria; en mayo, en Reynosa; y despu\u00e9s de la edici\u00f3n actual, en Nuevo Laredo, se desarrollar\u00e1 en Tampico, durante el mes de octubre.<br \/>\nEl compromiso de la Universidad con la sociedad se hace evidente con esa iniciativa, la cual busca no solo promover la literatura y la lectura, sino tambi\u00e9n establecer un espacio de convivencia y aprendizaje a trav\u00e9s de un variado programa de actividades acad\u00e9micas, literarias y art\u00edsticas.<br \/>\nCon la colaboraci\u00f3n del Gobierno Municipal de Nuevo Laredo, esta edici\u00f3n re\u00fane la participaci\u00f3n de m\u00e1s de veintis\u00e9is casas editoriales nacionales e internacionales, dos foros, una sala interactiva, \u00e1reas infantiles, talleres y actividades<br \/>\nde emprendimiento, cultura y arte; la FUL ofrece una experiencia completa para personas de todas las edades.<\/p>\n","protected":false},"excerpt":{"rendered":"<p>Por Deyanira Vega Nuevo Laredo, Tam.-En un acto de relevancia cultural y acad\u00e9mica, la Universidad Aut\u00f3noma de Tamaulipas (UAT) inici\u00f3 este s\u00e1bado la Feria Universitaria del Libro (FUL), en la ciudad de Nuevo Laredo, la cual ofrecer\u00e1, del 26 de agosto al 3 de septiembre, una amplia gama de actividades gratuitas que buscan fomentar el [&hellip;]<\/p>\n","protected":false},"author":1,"featured_media":3724,"comment_status":"closed","ping_status":"closed","sticky":false,"template":"","format":"standard","meta":{"footnotes":""},"categories":[45],"tags":[],"class_list":["post-3723","post","type-post","status-publish","format-standard","has-post-thumbnail","hentry","category-importante"],"_links":{"self":[{"href":"https:\/\/www.vmnoticias.info\/index.php?rest_route=\/wp\/v2\/posts\/3723","targetHints":{"allow":["GET"]}}],"collection":[{"href":"https:\/\/www.vmnoticias.info\/index.php?rest_route=\/wp\/v2\/posts"}],"about":[{"href":"https:\/\/www.vmnoticias.info\/index.php?rest_route=\/wp\/v2\/types\/post"}],"author":[{"embeddable":true,"href":"https:\/\/www.vmnoticias.info\/index.php?rest_route=\/wp\/v2\/users\/1"}],"replies":[{"embeddable":true,"href":"https:\/\/www.vmnoticias.info\/index.php?rest_route=%2Fwp%2Fv2%2Fcomments&post=3723"}],"version-history":[{"count":1,"href":"https:\/\/www.vmnoticias.info\/index.php?rest_route=\/wp\/v2\/posts\/3723\/revisions"}],"predecessor-version":[{"id":3725,"href":"https:\/\/www.vmnoticias.info\/index.php?rest_route=\/wp\/v2\/posts\/3723\/revisions\/3725"}],"wp:featuredmedia":[{"embeddable":true,"href":"https:\/\/www.vmnoticias.info\/index.php?rest_route=\/wp\/v2\/media\/3724"}],"wp:attachment":[{"href":"https:\/\/www.vmnoticias.info\/index.php?rest_route=%2Fwp%2Fv2%2Fmedia&parent=3723"}],"wp:term":[{"taxonomy":"category","embeddable":true,"href":"https:\/\/www.vmnoticias.info\/index.php?rest_route=%2Fwp%2Fv2%2Fcategories&post=3723"},{"taxonomy":"post_tag","embeddable":true,"href":"https:\/\/www.vmnoticias.info\/index.php?rest_route=%2Fwp%2Fv2%2Ftags&post=3723"}],"curies":[{"name":"wp","href":"https:\/\/api.w.org\/{rel}","templated":true}]}}