{"id":3732,"date":"2023-08-23T23:46:46","date_gmt":"2023-08-24T04:46:46","guid":{"rendered":"https:\/\/www.vmnoticias.info\/?p=3732"},"modified":"2023-08-27T23:46:57","modified_gmt":"2023-08-28T04:46:57","slug":"reanuda-uat-servicios-de-guarderia-para-hijos-de-sus-estudiantes-2","status":"publish","type":"post","link":"https:\/\/www.vmnoticias.info\/?p=3732","title":{"rendered":"Reanuda UAT servicios de guarder\u00eda para hijos de sus estudiantes"},"content":{"rendered":"<p>Por Deyanira Vega<br \/>\nCiudad Victoria, Tam.-A trav\u00e9s de los C\u00edrculos de Desarrollo Infantil, el rector Guillermo Mendoza Cavazos reafirma el compromiso de la UAT de brindar atenci\u00f3n de calidad en el cuidado de los peque\u00f1os hijos de estudiantes padres y madres de familia.<\/p>\n<p>Con el inicio del ciclo escolar de oto\u00f1o en la Universidad Aut\u00f3noma de Tamaulipas (UAT) se reanudaron tambi\u00e9n las actividades de los C\u00edrculos de Desarrollo Infantil ubicados en los campus de Ciudad Victoria y Tampico, que proporcionan servicios de guarder\u00eda y educaci\u00f3n preescolar a los hijos de sus estudiantes.<br \/>\nMediante esta prestaci\u00f3n de servicios, la guarder\u00eda universitaria reafirma el compromiso del rector Guillermo Mendoza Cavazos de brindar espacios seguros y educativos a los ni\u00f1os mientras sus padres toman clases en las diferentes dependencias acad\u00e9micas de la UAT.<br \/>\nEn ese contexto, la directora de la estancia infantil ubicada en Victoria, la Mtra. Claudia Cedillo de los Santos, inform\u00f3 en entrevista que en la actualidad hay 110 inscritos en todas las salas de esa guarder\u00eda, que incluye grupos de lactantes, maternal y preescolar.<br \/>\nComent\u00f3 que los infantes inscritos tienen edades comprendidas entre 45 d\u00edas de nacidos y 5 a\u00f1os 11 meses, y que el horario de atenci\u00f3n abarca desde las 7 de la ma\u00f1ana hasta las 7 de la tarde, permitiendo una flexibilidad en funci\u00f3n de las necesidades de los padres.<br \/>\nLa directora resalt\u00f3 que la semana actual es especialmente activa en t\u00e9rminos de inscripciones, ya que en esta etapa los padres de familia ajustan sus horarios y realizan altas y bajas de materias.<br \/>\n2 Enfatiz\u00f3 que en el C\u00edrculo de Desarrollo Infantil no hay un cierre de inscripciones mientras no se exceda la capacidad establecida por la reglamentaci\u00f3n vigente.<br \/>\nUn aspecto que destac\u00f3 es la alta demanda que presenta el \u00e1rea de lactantes, destinada a ni\u00f1os desde 45 d\u00edas de nacidos, la cual ha sido particularmente concurrida debido a que brinda un crucial apoyo a padres y madres de familia que est\u00e1n estudiando o realizando servicio social en una etapa muy importante para el desarrollo de los beb\u00e9s.<br \/>\nEl C\u00edrculo de Desarrollo Infantil proporciona a los ni\u00f1os tres tiempos de alimentaci\u00f3n, adem\u00e1s de atenci\u00f3n m\u00e9dica, psicol\u00f3gica y pedag\u00f3gica para fortalecer su desarrollo integral.<br \/>\nEn ese contexto, antes del inicio del ciclo escolar, el personal de la guarder\u00eda ha sido debidamente capacitado en aspectos de educaci\u00f3n, estimulaci\u00f3n temprana y lenguaje, incluyendo el uso de plataformas digitales que ofrecen una amplia gama de ejercicios interactivos.<br \/>\nLa directora destac\u00f3 el apoyo del rector Guillermo Mendoza Cavazos para fortalecer la ense\u00f1anza inicial y preescolar, y detall\u00f3 que las maestras del c\u00edrculo infantil se capacitan en el Centro de Ense\u00f1anza de Idiomas de la UAT para implementar un programa de ingl\u00e9s de alta calidad, el cual garantiza que los ni\u00f1os reciban una educaci\u00f3n \u00f3ptima y atractiva fomentando su aprendizaje de manera l\u00fadica y efectiva.<br \/>\nPor \u00faltimo, inform\u00f3 que los trabajos de infraestructura y mejoramiento contin\u00faan en curso, pues se han realizado remodelaciones en la sala de lactantes y se han adecuado instalaciones con base en las normas del Instituto Mexicano del Seguro Social (IMSS).<\/p>\n","protected":false},"excerpt":{"rendered":"<p>Por Deyanira Vega Ciudad Victoria, Tam.-A trav\u00e9s de los C\u00edrculos de Desarrollo Infantil, el rector Guillermo Mendoza Cavazos reafirma el compromiso de la UAT de brindar atenci\u00f3n de calidad en el cuidado de los peque\u00f1os hijos de estudiantes padres y madres de familia. Con el inicio del ciclo escolar de oto\u00f1o en la Universidad Aut\u00f3noma [&hellip;]<\/p>\n","protected":false},"author":1,"featured_media":3733,"comment_status":"closed","ping_status":"closed","sticky":false,"template":"","format":"standard","meta":{"footnotes":""},"categories":[45],"tags":[],"class_list":["post-3732","post","type-post","status-publish","format-standard","has-post-thumbnail","hentry","category-importante"],"_links":{"self":[{"href":"https:\/\/www.vmnoticias.info\/index.php?rest_route=\/wp\/v2\/posts\/3732","targetHints":{"allow":["GET"]}}],"collection":[{"href":"https:\/\/www.vmnoticias.info\/index.php?rest_route=\/wp\/v2\/posts"}],"about":[{"href":"https:\/\/www.vmnoticias.info\/index.php?rest_route=\/wp\/v2\/types\/post"}],"author":[{"embeddable":true,"href":"https:\/\/www.vmnoticias.info\/index.php?rest_route=\/wp\/v2\/users\/1"}],"replies":[{"embeddable":true,"href":"https:\/\/www.vmnoticias.info\/index.php?rest_route=%2Fwp%2Fv2%2Fcomments&post=3732"}],"version-history":[{"count":1,"href":"https:\/\/www.vmnoticias.info\/index.php?rest_route=\/wp\/v2\/posts\/3732\/revisions"}],"predecessor-version":[{"id":3734,"href":"https:\/\/www.vmnoticias.info\/index.php?rest_route=\/wp\/v2\/posts\/3732\/revisions\/3734"}],"wp:featuredmedia":[{"embeddable":true,"href":"https:\/\/www.vmnoticias.info\/index.php?rest_route=\/wp\/v2\/media\/3733"}],"wp:attachment":[{"href":"https:\/\/www.vmnoticias.info\/index.php?rest_route=%2Fwp%2Fv2%2Fmedia&parent=3732"}],"wp:term":[{"taxonomy":"category","embeddable":true,"href":"https:\/\/www.vmnoticias.info\/index.php?rest_route=%2Fwp%2Fv2%2Fcategories&post=3732"},{"taxonomy":"post_tag","embeddable":true,"href":"https:\/\/www.vmnoticias.info\/index.php?rest_route=%2Fwp%2Fv2%2Ftags&post=3732"}],"curies":[{"name":"wp","href":"https:\/\/api.w.org\/{rel}","templated":true}]}}