{"id":3836,"date":"2023-09-04T01:12:05","date_gmt":"2023-09-04T06:12:05","guid":{"rendered":"https:\/\/www.vmnoticias.info\/?p=3836"},"modified":"2023-09-04T01:12:05","modified_gmt":"2023-09-04T06:12:05","slug":"resalto-americo-villarreal-anaya-colaboracion-con-gobierno-de-carlos-pena-ortiz-por-el-desarrollo-de-la-frontera","status":"publish","type":"post","link":"https:\/\/www.vmnoticias.info\/?p=3836","title":{"rendered":"Resalt\u00f3 Am\u00e9rico Villarreal Anaya colaboraci\u00f3n con Gobierno de Carlos Pe\u00f1a Ortiz por el desarrollo de la frontera"},"content":{"rendered":"<p>&#8211; Gobernador y Alcalde de Reynosa inauguraron exposici\u00f3n en Punto Tamaulipas, que revela vocaci\u00f3n creativa y constructiva de este Municipio.<\/p>\n<p>Por Yani Vega<br \/>\nReynosa, Tam.-Con la digna representaci\u00f3n de Reynosa, el Alcalde Carlos Pe\u00f1a Ortiz inaugur\u00f3 este domingo 3 de septiembre junto con el Gobernador Constitucional, Dr. Am\u00e9rico Villarreal Anaya la exposici\u00f3n Punto Tamaulipas, el espacio dise\u00f1ado por la Secretaria de Turismo del Estado en el que nuestra ciudad revela, entre los 43 municipios, su vocaci\u00f3n creativa y constructiva.<\/p>\n<p>\u00abTraemos todo lo bonito y lo bueno de Reynosa, gracias por recibirnos aqu\u00ed en su casa y poder darnos espacio para promocionar a la ciudad m\u00e1s grande de Tamaulipas\u00bb, dijo el Presidente Municipal al mandatario estatal en la sede expositora.<\/p>\n<p>\u00abTrabajamos como la unidad que somos en el gran Estado que somos para tener oportunidades de desarrollo y progreso; estamos trabajando arduamente para seguirle dando una mejor vocaci\u00f3n y oportunidad a toda la gran poblaci\u00f3n que vive en la zona fronteriza\u00bb, resalt\u00f3 el Gobernador al afirmar la colaboraci\u00f3n entre su Gobierno y el Alcalde de Reynosa.<\/p>\n<p>En el lugar se da a conocer la oferta tur\u00edstica, gastron\u00f3mica, artesanal, cultural y comercial de nuestra ciudad, contando con la participaci\u00f3n de m\u00e1s de 10 emprendedores  que exhiben su variada oferta de productos elaborados en Reynosa o comercializados en Reynosa.<\/p>\n<p>Con la asesor\u00eda de la Coordinaci\u00f3n de Turismo del Municipio se muestra a los visitantes aquellos productos que que son parte de nuestras vocaciones productivas manufacturados en las diferentes maquiladoras establecidas en nuestra ciudad, productos de Reynosa para el mundo, hechos por mano de obra calificada, en la industria automotriz, equipos m\u00e9dicos, etc.<\/p>\n<p>Los reynosenses compartimos tambi\u00e9n nuestro orgullo de ser generadores de energ\u00edas limpias a trav\u00e9s de los parques e\u00f3licos de la ciudad, el segundo m\u00e1s grande de Am\u00e9rica Latina; compartimos especialmente el programa \u00abMurales para Reynosa\u00bb que nos ha permitido la creaci\u00f3n de m\u00e1s de 25 obras de arte, adem\u00e1s de intervenciones urbanas, lo que nos permite a trav\u00e9s de ellos fortalecer nuestro sentido de pertenencia y reforzar nuestra identidad, adem\u00e1s de lograr el reconocimiento como \u00abReynosa&#8230; la ciudad de los  murales\u00bb.<\/p>\n<p>Compartimos grandes proyectos que buscan incentivar el comercio local, tal es el caso de los 60 Carritos que se utilizar\u00e1n pr\u00f3ximamente en la instalaci\u00f3n de un mercado denominado \u00abZaragozeando\u00bb, as\u00ed como la venta de artesan\u00edas de los comerciantes del Mercado Zaragoza y la exhibici\u00f3n de las tradicionales y famosas pi\u00f1atas de \u00abPi\u00f1ater\u00eda Ram\u00edrez\u00bb, porque Reynosa es Punto importante para Tamaulipas y para M\u00e9xico.<\/p>\n","protected":false},"excerpt":{"rendered":"<p>&#8211; Gobernador y Alcalde de Reynosa inauguraron exposici\u00f3n en Punto Tamaulipas, que revela vocaci\u00f3n creativa y constructiva de este Municipio. Por Yani Vega Reynosa, Tam.-Con la digna representaci\u00f3n de Reynosa, el Alcalde Carlos Pe\u00f1a Ortiz inaugur\u00f3 este domingo 3 de septiembre junto con el Gobernador Constitucional, Dr. Am\u00e9rico Villarreal Anaya la exposici\u00f3n Punto Tamaulipas, el [&hellip;]<\/p>\n","protected":false},"author":1,"featured_media":3837,"comment_status":"closed","ping_status":"closed","sticky":false,"template":"","format":"standard","meta":{"footnotes":""},"categories":[45,58],"tags":[],"class_list":["post-3836","post","type-post","status-publish","format-standard","has-post-thumbnail","hentry","category-importante","category-top-"],"_links":{"self":[{"href":"https:\/\/www.vmnoticias.info\/index.php?rest_route=\/wp\/v2\/posts\/3836","targetHints":{"allow":["GET"]}}],"collection":[{"href":"https:\/\/www.vmnoticias.info\/index.php?rest_route=\/wp\/v2\/posts"}],"about":[{"href":"https:\/\/www.vmnoticias.info\/index.php?rest_route=\/wp\/v2\/types\/post"}],"author":[{"embeddable":true,"href":"https:\/\/www.vmnoticias.info\/index.php?rest_route=\/wp\/v2\/users\/1"}],"replies":[{"embeddable":true,"href":"https:\/\/www.vmnoticias.info\/index.php?rest_route=%2Fwp%2Fv2%2Fcomments&post=3836"}],"version-history":[{"count":1,"href":"https:\/\/www.vmnoticias.info\/index.php?rest_route=\/wp\/v2\/posts\/3836\/revisions"}],"predecessor-version":[{"id":3838,"href":"https:\/\/www.vmnoticias.info\/index.php?rest_route=\/wp\/v2\/posts\/3836\/revisions\/3838"}],"wp:featuredmedia":[{"embeddable":true,"href":"https:\/\/www.vmnoticias.info\/index.php?rest_route=\/wp\/v2\/media\/3837"}],"wp:attachment":[{"href":"https:\/\/www.vmnoticias.info\/index.php?rest_route=%2Fwp%2Fv2%2Fmedia&parent=3836"}],"wp:term":[{"taxonomy":"category","embeddable":true,"href":"https:\/\/www.vmnoticias.info\/index.php?rest_route=%2Fwp%2Fv2%2Fcategories&post=3836"},{"taxonomy":"post_tag","embeddable":true,"href":"https:\/\/www.vmnoticias.info\/index.php?rest_route=%2Fwp%2Fv2%2Ftags&post=3836"}],"curies":[{"name":"wp","href":"https:\/\/api.w.org\/{rel}","templated":true}]}}