{"id":3860,"date":"2023-09-04T23:29:00","date_gmt":"2023-09-05T04:29:00","guid":{"rendered":"https:\/\/www.vmnoticias.info\/?p=3860"},"modified":"2023-09-04T23:29:00","modified_gmt":"2023-09-05T04:29:00","slug":"participa-gobierno-de-reynosa-en-inicio-de-ciclo-escolar-2023-2024-del-cetis-71","status":"publish","type":"post","link":"https:\/\/www.vmnoticias.info\/?p=3860","title":{"rendered":"Participa Gobierno de Reynosa en inicio de Ciclo Escolar 2023-2024 del CETIS 71"},"content":{"rendered":"<p>&#8211; Agradecieron autoridades escolares apoyos del Presidente Municipal Carlos Pe\u00f1a Ortiz.<br \/>\nPor Yani Vega<br \/>\nReynosa, Tamaulipas.-Durante la Ceremonia de Inicio de Ciclo Escolar 2023-2024 del CETIs 71, que puso en marcha el Gobierno que encabeza el Presidente Carlos Pe\u00f1a Ortiz, la directiva del plantel reconoci\u00f3 su labor por el apoyo e impulso que reciben estudiantes e instituciones durante la actual administraci\u00f3n.<\/p>\n<p>\u00abEs un honor tenerlo con nosotros, el agradecimiento al Municipio de Reynosa por todo el apoyo que nos brinda d\u00eda a d\u00eda, en todos los aspectos desde infraestructura, becas, la atenci\u00f3n de los diferentes eventos, siempre est\u00e1n atendiendo nuestro llamado\u00bb, expres\u00f3 la Directora del plantel, Martha Reyna, Mart\u00ednez al Secretario a del Ayuntamiento, Antonio Joaqu\u00edn De Le\u00f3n Villarreal, quien represent\u00f3 Alcalde en la ceremonia.<\/p>\n<p>Junto al personal docente y alumnos, el Secretario dio por inaugurado el nuevo ciclo escolar este lunes 4 de septiembre, para formalizar el retorno de la comunidad escolar del CETIs 71, una muestra del inter\u00e9s y compromiso del Presidente Municipal por impulsar la educaci\u00f3n.<\/p>\n","protected":false},"excerpt":{"rendered":"<p>&#8211; Agradecieron autoridades escolares apoyos del Presidente Municipal Carlos Pe\u00f1a Ortiz. Por Yani Vega Reynosa, Tamaulipas.-Durante la Ceremonia de Inicio de Ciclo Escolar 2023-2024 del CETIs 71, que puso en marcha el Gobierno que encabeza el Presidente Carlos Pe\u00f1a Ortiz, la directiva del plantel reconoci\u00f3 su labor por el apoyo e impulso que reciben estudiantes [&hellip;]<\/p>\n","protected":false},"author":1,"featured_media":3861,"comment_status":"closed","ping_status":"closed","sticky":false,"template":"","format":"standard","meta":{"footnotes":""},"categories":[45,58],"tags":[],"class_list":["post-3860","post","type-post","status-publish","format-standard","has-post-thumbnail","hentry","category-importante","category-top-"],"_links":{"self":[{"href":"https:\/\/www.vmnoticias.info\/index.php?rest_route=\/wp\/v2\/posts\/3860","targetHints":{"allow":["GET"]}}],"collection":[{"href":"https:\/\/www.vmnoticias.info\/index.php?rest_route=\/wp\/v2\/posts"}],"about":[{"href":"https:\/\/www.vmnoticias.info\/index.php?rest_route=\/wp\/v2\/types\/post"}],"author":[{"embeddable":true,"href":"https:\/\/www.vmnoticias.info\/index.php?rest_route=\/wp\/v2\/users\/1"}],"replies":[{"embeddable":true,"href":"https:\/\/www.vmnoticias.info\/index.php?rest_route=%2Fwp%2Fv2%2Fcomments&post=3860"}],"version-history":[{"count":1,"href":"https:\/\/www.vmnoticias.info\/index.php?rest_route=\/wp\/v2\/posts\/3860\/revisions"}],"predecessor-version":[{"id":3862,"href":"https:\/\/www.vmnoticias.info\/index.php?rest_route=\/wp\/v2\/posts\/3860\/revisions\/3862"}],"wp:featuredmedia":[{"embeddable":true,"href":"https:\/\/www.vmnoticias.info\/index.php?rest_route=\/wp\/v2\/media\/3861"}],"wp:attachment":[{"href":"https:\/\/www.vmnoticias.info\/index.php?rest_route=%2Fwp%2Fv2%2Fmedia&parent=3860"}],"wp:term":[{"taxonomy":"category","embeddable":true,"href":"https:\/\/www.vmnoticias.info\/index.php?rest_route=%2Fwp%2Fv2%2Fcategories&post=3860"},{"taxonomy":"post_tag","embeddable":true,"href":"https:\/\/www.vmnoticias.info\/index.php?rest_route=%2Fwp%2Fv2%2Ftags&post=3860"}],"curies":[{"name":"wp","href":"https:\/\/api.w.org\/{rel}","templated":true}]}}