{"id":3926,"date":"2023-09-08T12:27:41","date_gmt":"2023-09-08T17:27:41","guid":{"rendered":"https:\/\/www.vmnoticias.info\/?p=3926"},"modified":"2023-09-08T12:27:42","modified_gmt":"2023-09-08T17:27:42","slug":"celebro-gobierno-de-reynosa-a-80-felices-quinceaneras","status":"publish","type":"post","link":"https:\/\/www.vmnoticias.info\/?p=3926","title":{"rendered":"Celebr\u00f3 Gobierno de Reynosa a 80 felices Quincea\u00f1eras*"},"content":{"rendered":"<p>&#8211; El Alcalde Carlos Pe\u00f1a Ortiz particip\u00f3 en la fiesta \u00abMis Quince\u00bb ofrecida a las j\u00f3venes.<br \/>\nPor Yani Vega<br \/>\nReynosa, Tamaulipas.-Con la alegr\u00eda de llegar a la edad color de rosa, 80 j\u00f3venes reynosenses, celebraron con el Presidente Municipal Carlos Pe\u00f1a Ortiz la fiesta \u00abMis Quince\u00bb, que ofreci\u00f3 el Municipio, con sensibilidad y solidaridad con el objetivo de conmemorar esa tan especial cita de las adolescentes con sus seres queridos al iniciar una nueva etapa de vida.<\/p>\n<p>\u00abFelicidades a todos ustedes por ser parte de esta gran fiesta; agradezcan a sus padres y abuelos, porque gracias a su esfuerzo est\u00e1n aqu\u00ed y todo lo que han hecho se lo deben a su gran ejemplo, felicidades a todos los cumplea\u00f1eros\u00bb, expres\u00f3 con cari\u00f1o a las se\u00f1oritas y j\u00f3venes, acompa\u00f1ado por sus padres Maki Esther Ortiz Dom\u00ednguez, Exalcaldesa de Reynosa y Carlos Luis Pe\u00f1a Garza, Presidente del Patronato del DIF-Reynosa.<\/p>\n<p>A nombre de los festejados, la Se\u00f1orita Deisy Abigail Rivera Quintanilla, dijo este jueves 7 de septiembre en su mensaje: \u00abgracias a los apoyos que las familias recibimos de las gestiones del Buen Gobierno, que usted preside, hoy lo que buscamos como un sue\u00f1o es una realidad\u00bb.<\/p>\n<p>Un recuerdo valioso ser\u00e1 guardado en el coraz\u00f3n de cada uno de los 11 j\u00f3venes y las 69 se\u00f1oritas que pasan esta etapa de juventud con una ilusi\u00f3n cumplida por su Alcalde, en inolvidable festejo en el que bailaron el Vals tradicional y tuvieron en su mesa un delicioso platillo y el pastel de su celebraci\u00f3n, compartidos con emoci\u00f3n con sus familias mientras un grupo musical interpret\u00f3 un maravilloso repertorio para la ocasi\u00f3n.<\/p>\n<p>\u00abMis Quince\u00bb es un programa social hecho por el Presidente Municipal Carlos Pe\u00f1a Ortiz, y efectuado con el apoyo de la Secretaria de Desarrollo Social Hidilberta Vel\u00e1zquez Mendoza, y un gran equipo que se esmer\u00f3 en transmitir alegr\u00eda y bienestar a las familias reynosenses y en especial a j\u00f3venes y se\u00f1oritas que en este 2023 llegaron a su bella edad.<\/p>\n<p>Tuvieron la dicha de acompa\u00f1ar a las quincea\u00f1eras, los Secretarios Municipales: Zulema Del Carmen Gonz\u00e1lez Beas; Eduardo L\u00f3pez Arias; Miguel Mu\u00f1iz Segovia; Alfredo Careaga Pe\u00f1a; Jos\u00e9 Alfonso Pe\u00f1a Rodr\u00edguez; funcionarios municipales y los integrantes del Cabildo: Nancy Esperanza R\u00edos Rivera, Patricia Ram\u00edrez Ruiz, Mar\u00eda Luisa Tavares Salda\u00f1a, Marco Antonio Montalvo Hern\u00e1ndez y Jos\u00e9 Antonio Ch\u00e1vez Herrera.<\/p>\n","protected":false},"excerpt":{"rendered":"<p>&#8211; El Alcalde Carlos Pe\u00f1a Ortiz particip\u00f3 en la fiesta \u00abMis Quince\u00bb ofrecida a las j\u00f3venes. Por Yani Vega Reynosa, Tamaulipas.-Con la alegr\u00eda de llegar a la edad color de rosa, 80 j\u00f3venes reynosenses, celebraron con el Presidente Municipal Carlos Pe\u00f1a Ortiz la fiesta \u00abMis Quince\u00bb, que ofreci\u00f3 el Municipio, con sensibilidad y solidaridad con [&hellip;]<\/p>\n","protected":false},"author":1,"featured_media":3927,"comment_status":"closed","ping_status":"closed","sticky":false,"template":"","format":"standard","meta":{"footnotes":""},"categories":[58],"tags":[],"class_list":["post-3926","post","type-post","status-publish","format-standard","has-post-thumbnail","hentry","category-top-"],"_links":{"self":[{"href":"https:\/\/www.vmnoticias.info\/index.php?rest_route=\/wp\/v2\/posts\/3926","targetHints":{"allow":["GET"]}}],"collection":[{"href":"https:\/\/www.vmnoticias.info\/index.php?rest_route=\/wp\/v2\/posts"}],"about":[{"href":"https:\/\/www.vmnoticias.info\/index.php?rest_route=\/wp\/v2\/types\/post"}],"author":[{"embeddable":true,"href":"https:\/\/www.vmnoticias.info\/index.php?rest_route=\/wp\/v2\/users\/1"}],"replies":[{"embeddable":true,"href":"https:\/\/www.vmnoticias.info\/index.php?rest_route=%2Fwp%2Fv2%2Fcomments&post=3926"}],"version-history":[{"count":1,"href":"https:\/\/www.vmnoticias.info\/index.php?rest_route=\/wp\/v2\/posts\/3926\/revisions"}],"predecessor-version":[{"id":3928,"href":"https:\/\/www.vmnoticias.info\/index.php?rest_route=\/wp\/v2\/posts\/3926\/revisions\/3928"}],"wp:featuredmedia":[{"embeddable":true,"href":"https:\/\/www.vmnoticias.info\/index.php?rest_route=\/wp\/v2\/media\/3927"}],"wp:attachment":[{"href":"https:\/\/www.vmnoticias.info\/index.php?rest_route=%2Fwp%2Fv2%2Fmedia&parent=3926"}],"wp:term":[{"taxonomy":"category","embeddable":true,"href":"https:\/\/www.vmnoticias.info\/index.php?rest_route=%2Fwp%2Fv2%2Fcategories&post=3926"},{"taxonomy":"post_tag","embeddable":true,"href":"https:\/\/www.vmnoticias.info\/index.php?rest_route=%2Fwp%2Fv2%2Ftags&post=3926"}],"curies":[{"name":"wp","href":"https:\/\/api.w.org\/{rel}","templated":true}]}}