{"id":3992,"date":"2023-10-01T09:04:00","date_gmt":"2023-10-01T14:04:00","guid":{"rendered":"https:\/\/www.vmnoticias.info\/?p=3992"},"modified":"2023-10-05T09:06:23","modified_gmt":"2023-10-05T14:06:23","slug":"en-la-uat-seguimos-abriendo-espacios-de-fomento-a-la-lectura-rector","status":"publish","type":"post","link":"https:\/\/www.vmnoticias.info\/?p=3992","title":{"rendered":"En la UAT seguimos abriendo espacios de fomento a la lectura: rector"},"content":{"rendered":"<p>Por Deyanira Vega<br \/>\nCiudad Victoria, Tam.-Al inaugurar el Programa Universitario de Fomento a la Lectura, el rector C.P. Guillermo Mendoza Cavazos, asever\u00f3 que la Universidad Aut\u00f3noma de Tamaulipas (UAT) seguir\u00e1 buscando mayores espacios para fomentar la lectura entre todos los universitarios.<br \/>\nEn evento realizado en el auditorio del Centro de Excelencia del Campus Victoria, el rector Guillermo Mendoza inici\u00f3 las actividades mediante la firma de un acuerdo con el director de la Red de Librer\u00edas EDUCAL, Fritz Glockner, y presidi\u00f3 la instalaci\u00f3n del Comit\u00e9 Universitario de Fomento a la Lectura.<br \/>\nEn su mensaje, destac\u00f3 que este programa se ha generado en el marco de las actividades de la Feria Universitaria del Libro (FUL UAT), cuya actividad tiene como gran aliado al escritor e historiador Fritz Glockner, para desarrollar un importante esfuerzo de promoci\u00f3n de la lectura.<br \/>\nSostuvo que la idea de contar con un programa permanente de fomento a la lectura es generar ese amor hacia un h\u00e1bito que es muy importante para el desarrollo intelectual de cualquier persona. Indic\u00f3 que, adem\u00e1s de buscar inducir a los estudiantes en esta din\u00e1mica, es algo que tambi\u00e9n se pretende extender a la poblaci\u00f3n en general.<br \/>\nEn ese contexto, dijo que el programa estar\u00e1 todo el a\u00f1o en forma permanente, a trav\u00e9s de talleres con expertos que lo imparten en diferentes plataformas.<br \/>\n\u201cQueremos que sea una filosof\u00eda habitual de la UAT estar siempre buscando el fomento a la lectura, porque sabemos que es tan valioso para nuestra poblaci\u00f3n\u201d, asent\u00f3.<\/p>\n","protected":false},"excerpt":{"rendered":"<p>Por Deyanira Vega Ciudad Victoria, Tam.-Al inaugurar el Programa Universitario de Fomento a la Lectura, el rector C.P. Guillermo Mendoza Cavazos, asever\u00f3 que la Universidad Aut\u00f3noma de Tamaulipas (UAT) seguir\u00e1 buscando mayores espacios para fomentar la lectura entre todos los universitarios. En evento realizado en el auditorio del Centro de Excelencia del Campus Victoria, el [&hellip;]<\/p>\n","protected":false},"author":1,"featured_media":3993,"comment_status":"closed","ping_status":"closed","sticky":false,"template":"","format":"standard","meta":{"footnotes":""},"categories":[45,59],"tags":[],"class_list":["post-3992","post","type-post","status-publish","format-standard","has-post-thumbnail","hentry","category-importante","category-boletines"],"_links":{"self":[{"href":"https:\/\/www.vmnoticias.info\/index.php?rest_route=\/wp\/v2\/posts\/3992","targetHints":{"allow":["GET"]}}],"collection":[{"href":"https:\/\/www.vmnoticias.info\/index.php?rest_route=\/wp\/v2\/posts"}],"about":[{"href":"https:\/\/www.vmnoticias.info\/index.php?rest_route=\/wp\/v2\/types\/post"}],"author":[{"embeddable":true,"href":"https:\/\/www.vmnoticias.info\/index.php?rest_route=\/wp\/v2\/users\/1"}],"replies":[{"embeddable":true,"href":"https:\/\/www.vmnoticias.info\/index.php?rest_route=%2Fwp%2Fv2%2Fcomments&post=3992"}],"version-history":[{"count":1,"href":"https:\/\/www.vmnoticias.info\/index.php?rest_route=\/wp\/v2\/posts\/3992\/revisions"}],"predecessor-version":[{"id":3994,"href":"https:\/\/www.vmnoticias.info\/index.php?rest_route=\/wp\/v2\/posts\/3992\/revisions\/3994"}],"wp:featuredmedia":[{"embeddable":true,"href":"https:\/\/www.vmnoticias.info\/index.php?rest_route=\/wp\/v2\/media\/3993"}],"wp:attachment":[{"href":"https:\/\/www.vmnoticias.info\/index.php?rest_route=%2Fwp%2Fv2%2Fmedia&parent=3992"}],"wp:term":[{"taxonomy":"category","embeddable":true,"href":"https:\/\/www.vmnoticias.info\/index.php?rest_route=%2Fwp%2Fv2%2Fcategories&post=3992"},{"taxonomy":"post_tag","embeddable":true,"href":"https:\/\/www.vmnoticias.info\/index.php?rest_route=%2Fwp%2Fv2%2Ftags&post=3992"}],"curies":[{"name":"wp","href":"https:\/\/api.w.org\/{rel}","templated":true}]}}