{"id":4026,"date":"2023-10-09T20:54:24","date_gmt":"2023-10-10T01:54:24","guid":{"rendered":"https:\/\/www.vmnoticias.info\/?p=4026"},"modified":"2023-10-09T20:54:24","modified_gmt":"2023-10-10T01:54:24","slug":"impulsa-uat-el-emprendimiento-en-las-comunidades-de-santa-engracia","status":"publish","type":"post","link":"https:\/\/www.vmnoticias.info\/?p=4026","title":{"rendered":"Impulsa UAT el emprendimiento en las comunidades de Santa Engracia"},"content":{"rendered":"<p>Por Deyanira Vega<br \/>\nCiudad Victoria, Tam.-Con el prop\u00f3sito de impulsar el emprendimiento en la regi\u00f3n de Santa Engracia, la Universidad Aut\u00f3noma de Tamaulipas (UAT) llev\u00f3 a cabo la Feria del Emprendedor 2023, que reuni\u00f3 la participaci\u00f3n de diferentes expositores locales para dar a conocer sus productos e innovaciones a la poblaci\u00f3n en general.<br \/>\nLa organizaci\u00f3n del evento forma parte de las pol\u00edticas que impulsa el rector de la UAT, C.P. Guillermo Mendoza Cavazos, en el sentido de contribuir, desde la academia y la investigaci\u00f3n, al desarrollo social y econ\u00f3mico de las comunidades tamaulipecas.<br \/>\nLa Feria del Emprendedor se realiz\u00f3 en el ejido Guillermo Z\u00fa\u00f1iga, del municipio de Hidalgo, localidad que se ubica en la regi\u00f3n citr\u00edcola de Santa Engracia, en la zona centro del estado.<br \/>\nCon la representaci\u00f3n del rector Guillermo Mendoza, inaugur\u00f3 las actividades la Dra. Mariana Zer\u00f3n F\u00e9lix, secretaria de Investigaci\u00f3n y Posgrado de la UAT quien dio la bienvenida a los emprendedores, universitarios y p\u00fablico en general asistentes al evento.<br \/>\nLa funcionaria universitaria resalt\u00f3 la participaci\u00f3n de investigadores, docentes y estudiantes de las Facultades y Unidades Acad\u00e9micas del campus Victoria que colaboran en los distintos proyectos para impulsar la cultura del emprendimiento en la regi\u00f3n.<br \/>\nDestac\u00f3 tambi\u00e9n que, mediante sus investigadores, la Universidad colabora en diagn\u00f3sticos sociales para aportar soluciones a problem\u00e1ticas que se reflejan en sectores de la poblaci\u00f3n en temas como salud emocional y rezago educativo.<\/p>\n","protected":false},"excerpt":{"rendered":"<p>Por Deyanira Vega Ciudad Victoria, Tam.-Con el prop\u00f3sito de impulsar el emprendimiento en la regi\u00f3n de Santa Engracia, la Universidad Aut\u00f3noma de Tamaulipas (UAT) llev\u00f3 a cabo la Feria del Emprendedor 2023, que reuni\u00f3 la participaci\u00f3n de diferentes expositores locales para dar a conocer sus productos e innovaciones a la poblaci\u00f3n en general. La organizaci\u00f3n [&hellip;]<\/p>\n","protected":false},"author":1,"featured_media":4027,"comment_status":"closed","ping_status":"closed","sticky":false,"template":"","format":"standard","meta":{"footnotes":""},"categories":[59],"tags":[],"class_list":["post-4026","post","type-post","status-publish","format-standard","has-post-thumbnail","hentry","category-boletines"],"_links":{"self":[{"href":"https:\/\/www.vmnoticias.info\/index.php?rest_route=\/wp\/v2\/posts\/4026","targetHints":{"allow":["GET"]}}],"collection":[{"href":"https:\/\/www.vmnoticias.info\/index.php?rest_route=\/wp\/v2\/posts"}],"about":[{"href":"https:\/\/www.vmnoticias.info\/index.php?rest_route=\/wp\/v2\/types\/post"}],"author":[{"embeddable":true,"href":"https:\/\/www.vmnoticias.info\/index.php?rest_route=\/wp\/v2\/users\/1"}],"replies":[{"embeddable":true,"href":"https:\/\/www.vmnoticias.info\/index.php?rest_route=%2Fwp%2Fv2%2Fcomments&post=4026"}],"version-history":[{"count":1,"href":"https:\/\/www.vmnoticias.info\/index.php?rest_route=\/wp\/v2\/posts\/4026\/revisions"}],"predecessor-version":[{"id":4028,"href":"https:\/\/www.vmnoticias.info\/index.php?rest_route=\/wp\/v2\/posts\/4026\/revisions\/4028"}],"wp:featuredmedia":[{"embeddable":true,"href":"https:\/\/www.vmnoticias.info\/index.php?rest_route=\/wp\/v2\/media\/4027"}],"wp:attachment":[{"href":"https:\/\/www.vmnoticias.info\/index.php?rest_route=%2Fwp%2Fv2%2Fmedia&parent=4026"}],"wp:term":[{"taxonomy":"category","embeddable":true,"href":"https:\/\/www.vmnoticias.info\/index.php?rest_route=%2Fwp%2Fv2%2Fcategories&post=4026"},{"taxonomy":"post_tag","embeddable":true,"href":"https:\/\/www.vmnoticias.info\/index.php?rest_route=%2Fwp%2Fv2%2Ftags&post=4026"}],"curies":[{"name":"wp","href":"https:\/\/api.w.org\/{rel}","templated":true}]}}