{"id":4043,"date":"2023-10-15T23:31:48","date_gmt":"2023-10-16T04:31:48","guid":{"rendered":"https:\/\/www.vmnoticias.info\/?p=4043"},"modified":"2023-10-15T23:31:49","modified_gmt":"2023-10-16T04:31:49","slug":"se-forma-primer-comite-de-vigilancia-ambiental-en-reynosa-2","status":"publish","type":"post","link":"https:\/\/www.vmnoticias.info\/?p=4043","title":{"rendered":"Se forma primer Comit\u00e9 de Vigilancia Ambiental en Reynosa**"},"content":{"rendered":"<p>&#8211; Cuidar\u00e1n su entorno y denunciar\u00e1n actos de contaminaci\u00f3n.<br \/>\nPor Yani Vega<br \/>\nReynosa, Tam.-Vecinos de la colonia Voluntad y Trabajo conformaron el primer Comit\u00e9 de Vigilancia Ambiental que estar\u00e1 al cuidado de espacios p\u00fablicos pero adem\u00e1s, se encargar\u00e1n de denunciar a todos aquellos que generen contaminaci\u00f3n.<\/p>\n<p>La Secretar\u00eda de Desarrollo Urbano y Medio Ambiente, lanz\u00f3 la convocatoria para que los ciudadanos se organicen y formen estos comit\u00e9s que trabajar\u00e1n de la mano del Gobierno de Reynosa.<\/p>\n<p>El Alcalde Carlos Pe\u00f1a Ortiz, tom\u00f3 la iniciativa para promover el programa de Vigilancia Ambiental pues de esta forma, se conocen de primera mano las necesidades de cada sector.<\/p>\n<p>Parte importante de este proyecto, es que los vecinos vigilan y denuncian a quienes realizan quemas a cielo abierto, tiran basura en lugares prohibidos o contaminan drenes, canales o el sistema de drenaje y agua potable.<\/p>\n<p>Se invita a los ciudadanos para que se integren a este proyecto y registren sus comit\u00e9s enviando un correo electr\u00f3nico a: medioambiente@reynosa.gob.mx<\/p>\n","protected":false},"excerpt":{"rendered":"<p>&#8211; Cuidar\u00e1n su entorno y denunciar\u00e1n actos de contaminaci\u00f3n. Por Yani Vega Reynosa, Tam.-Vecinos de la colonia Voluntad y Trabajo conformaron el primer Comit\u00e9 de Vigilancia Ambiental que estar\u00e1 al cuidado de espacios p\u00fablicos pero adem\u00e1s, se encargar\u00e1n de denunciar a todos aquellos que generen contaminaci\u00f3n. La Secretar\u00eda de Desarrollo Urbano y Medio Ambiente, lanz\u00f3 [&hellip;]<\/p>\n","protected":false},"author":1,"featured_media":4044,"comment_status":"closed","ping_status":"closed","sticky":false,"template":"","format":"standard","meta":{"footnotes":""},"categories":[58],"tags":[],"class_list":["post-4043","post","type-post","status-publish","format-standard","has-post-thumbnail","hentry","category-top-"],"_links":{"self":[{"href":"https:\/\/www.vmnoticias.info\/index.php?rest_route=\/wp\/v2\/posts\/4043","targetHints":{"allow":["GET"]}}],"collection":[{"href":"https:\/\/www.vmnoticias.info\/index.php?rest_route=\/wp\/v2\/posts"}],"about":[{"href":"https:\/\/www.vmnoticias.info\/index.php?rest_route=\/wp\/v2\/types\/post"}],"author":[{"embeddable":true,"href":"https:\/\/www.vmnoticias.info\/index.php?rest_route=\/wp\/v2\/users\/1"}],"replies":[{"embeddable":true,"href":"https:\/\/www.vmnoticias.info\/index.php?rest_route=%2Fwp%2Fv2%2Fcomments&post=4043"}],"version-history":[{"count":1,"href":"https:\/\/www.vmnoticias.info\/index.php?rest_route=\/wp\/v2\/posts\/4043\/revisions"}],"predecessor-version":[{"id":4045,"href":"https:\/\/www.vmnoticias.info\/index.php?rest_route=\/wp\/v2\/posts\/4043\/revisions\/4045"}],"wp:featuredmedia":[{"embeddable":true,"href":"https:\/\/www.vmnoticias.info\/index.php?rest_route=\/wp\/v2\/media\/4044"}],"wp:attachment":[{"href":"https:\/\/www.vmnoticias.info\/index.php?rest_route=%2Fwp%2Fv2%2Fmedia&parent=4043"}],"wp:term":[{"taxonomy":"category","embeddable":true,"href":"https:\/\/www.vmnoticias.info\/index.php?rest_route=%2Fwp%2Fv2%2Fcategories&post=4043"},{"taxonomy":"post_tag","embeddable":true,"href":"https:\/\/www.vmnoticias.info\/index.php?rest_route=%2Fwp%2Fv2%2Ftags&post=4043"}],"curies":[{"name":"wp","href":"https:\/\/api.w.org\/{rel}","templated":true}]}}