{"id":4051,"date":"2023-10-17T19:46:40","date_gmt":"2023-10-18T00:46:40","guid":{"rendered":"https:\/\/www.vmnoticias.info\/?p=4051"},"modified":"2023-10-17T19:46:40","modified_gmt":"2023-10-18T00:46:40","slug":"muestra-carlos-pena-ortiz-liderazgo-nacional-con-vicepresidencia-de-conamm","status":"publish","type":"post","link":"https:\/\/www.vmnoticias.info\/?p=4051","title":{"rendered":"Muestra Carlos Pe\u00f1a Ortiz liderazgo nacional con Vicepresidencia de CONAMM"},"content":{"rendered":"<p>&#8211; Ostenta Alcalde de Reynosa Vicepresidencia de la organizaci\u00f3n municipalista m\u00e1s importante de M\u00e9xico.<br \/>\nPor Yani Vega<br \/>\nReynosa, Tam.-El Presidente Municipal de Reynosa, Carlos Pe\u00f1a Ortiz, es el nuevo Vicepresidente de la Confederaci\u00f3n Nacional de Municipios de M\u00e9xico A. C., cargo al que fue electo por los resultados de su gesti\u00f3n al gobernar la ciudad m\u00e1s grande de Tamaulipas, liderazgo reconocido por m\u00e1s de 1625 municipios.<\/p>\n<p>Por ser un funcionario con experiencia, preparado acad\u00e9micamente, con profesionalismo y buen mando de Gobierno es Vicepresidente de la CONAMM, la organizaci\u00f3n municipalista m\u00e1s representativa del pa\u00eds, cuyo principal objetivo es el fortalecimiento municipal.<\/p>\n<p>Gobernar y atender con excelentes resultados las necesidades que presenta una localidad fronteriza con poblaci\u00f3n cercana a 1 mill\u00f3n de habitantes, impuls\u00f3 a Carlos Pe\u00f1a Ortiz a ocupar la Vicepresidencia de todos los municipios de Morena en la AALMAC, Asociaci\u00f3n de Autoridades Locales de M\u00e9xico A. C.<\/p>\n<p>Esta distinci\u00f3n proyecta tambi\u00e9n la importancia de Reynosa y de Tamaulipas, al revelar entre sus 43 alcald\u00edas a este municipio como un referente de buen gobierno a nivel nacional, y de cuyo Alcalde depende la creaci\u00f3n e instauraci\u00f3n de pol\u00edticas p\u00fablicas que ayuden a eficientar resultados de gesti\u00f3n gubernamental para todos los mexicanos.<\/p>\n","protected":false},"excerpt":{"rendered":"<p>&#8211; Ostenta Alcalde de Reynosa Vicepresidencia de la organizaci\u00f3n municipalista m\u00e1s importante de M\u00e9xico. Por Yani Vega Reynosa, Tam.-El Presidente Municipal de Reynosa, Carlos Pe\u00f1a Ortiz, es el nuevo Vicepresidente de la Confederaci\u00f3n Nacional de Municipios de M\u00e9xico A. C., cargo al que fue electo por los resultados de su gesti\u00f3n al gobernar la ciudad [&hellip;]<\/p>\n","protected":false},"author":1,"featured_media":4052,"comment_status":"closed","ping_status":"closed","sticky":false,"template":"","format":"standard","meta":{"footnotes":""},"categories":[58],"tags":[],"class_list":["post-4051","post","type-post","status-publish","format-standard","has-post-thumbnail","hentry","category-top-"],"_links":{"self":[{"href":"https:\/\/www.vmnoticias.info\/index.php?rest_route=\/wp\/v2\/posts\/4051","targetHints":{"allow":["GET"]}}],"collection":[{"href":"https:\/\/www.vmnoticias.info\/index.php?rest_route=\/wp\/v2\/posts"}],"about":[{"href":"https:\/\/www.vmnoticias.info\/index.php?rest_route=\/wp\/v2\/types\/post"}],"author":[{"embeddable":true,"href":"https:\/\/www.vmnoticias.info\/index.php?rest_route=\/wp\/v2\/users\/1"}],"replies":[{"embeddable":true,"href":"https:\/\/www.vmnoticias.info\/index.php?rest_route=%2Fwp%2Fv2%2Fcomments&post=4051"}],"version-history":[{"count":1,"href":"https:\/\/www.vmnoticias.info\/index.php?rest_route=\/wp\/v2\/posts\/4051\/revisions"}],"predecessor-version":[{"id":4053,"href":"https:\/\/www.vmnoticias.info\/index.php?rest_route=\/wp\/v2\/posts\/4051\/revisions\/4053"}],"wp:featuredmedia":[{"embeddable":true,"href":"https:\/\/www.vmnoticias.info\/index.php?rest_route=\/wp\/v2\/media\/4052"}],"wp:attachment":[{"href":"https:\/\/www.vmnoticias.info\/index.php?rest_route=%2Fwp%2Fv2%2Fmedia&parent=4051"}],"wp:term":[{"taxonomy":"category","embeddable":true,"href":"https:\/\/www.vmnoticias.info\/index.php?rest_route=%2Fwp%2Fv2%2Fcategories&post=4051"},{"taxonomy":"post_tag","embeddable":true,"href":"https:\/\/www.vmnoticias.info\/index.php?rest_route=%2Fwp%2Fv2%2Ftags&post=4051"}],"curies":[{"name":"wp","href":"https:\/\/api.w.org\/{rel}","templated":true}]}}