{"id":4071,"date":"2023-10-20T08:36:00","date_gmt":"2023-10-20T13:36:00","guid":{"rendered":"https:\/\/www.vmnoticias.info\/?p=4071"},"modified":"2023-10-20T08:36:00","modified_gmt":"2023-10-20T13:36:00","slug":"el-alcalde-carlos-pena-participo-con-el-gobernador-americo-villarreal-anaya-en-inauguracion-de-la-feria-tamaulipas","status":"publish","type":"post","link":"https:\/\/www.vmnoticias.info\/?p=4071","title":{"rendered":"El alcalde Carlos Pe\u00f1a particip\u00f3 con el Gobernador Am\u00e9rico Villarreal Anaya en inauguraci\u00f3n de la Feria Tamaulipas"},"content":{"rendered":"<p>*Alcalde Carlos Pe\u00f1a Ortiz particip\u00f3 con el Gobernador Am\u00e9rico Villarreal Anaya en inauguraci\u00f3n de la Feria Tamaulipas*<\/p>\n<p>&#8211; El mandatario estatal destac\u00f3 la importancia de fortalecer la integraci\u00f3n del estado.<\/p>\n<p>Colocando al frente la unidad y la coordinaci\u00f3n Municipio-Estado, el Alcalde de Reynosa  Carlos Pe\u00f1a Ortiz particip\u00f3 con el Gobernador Constitucional de Tamaulipas, Doctor Am\u00e9rico Villarreal Anaya  en la inauguraci\u00f3n de la gran Feria Tamaulipas con la presencia de miles de familias de la capital, Ciudad Victoria y otros municipios.<\/p>\n<p>El mandatario estatal estuvo acompa\u00f1ado por su esposa, la se\u00f1ora Mar\u00eda Santiago de Villarreal, Presidenta del DIF Estatal, quien tambi\u00e9n particip\u00f3 en el recorrido con los Alcaldes asistentes, saludando a su paso a ni\u00f1os y padres de familia que acudieron a la alegre fiesta de la ciudad este jueves 19 de octubre.<\/p>\n<p>El jefe del Poder Ejecutivo visit\u00f3 el local oficial del Gobierno de Reynosa, y destac\u00f3 la importancia de la participaci\u00f3n de todos los sectores de la sociedad como medio para fortalecer la integraci\u00f3n de Tamaulipas; por su parte Carlos Pe\u00f1a Ortiz  ofreci\u00f3 una descripci\u00f3n de los productos reynosenses y su excepcional valor.<\/p>\n<p>Adem\u00e1s del Presidente Municipal de esta ciudad fronteriza, acompa\u00f1aron al Doctor Am\u00e9rico Villarreal Anaya, Alcaldes, Legisladores, autoridades militares, empresarios, l\u00edderes sociales y los invitados m\u00e1s importantes, los ciudadanos para los que se realiza la fiesta popular que cuenta con todos los atractivos para las familias.<\/p>\n","protected":false},"excerpt":{"rendered":"<p>*Alcalde Carlos Pe\u00f1a Ortiz particip\u00f3 con el Gobernador Am\u00e9rico Villarreal Anaya en inauguraci\u00f3n de la Feria Tamaulipas* &#8211; El mandatario estatal destac\u00f3 la importancia de fortalecer la integraci\u00f3n del estado. Colocando al frente la unidad y la coordinaci\u00f3n Municipio-Estado, el Alcalde de Reynosa Carlos Pe\u00f1a Ortiz particip\u00f3 con el Gobernador Constitucional de Tamaulipas, Doctor Am\u00e9rico [&hellip;]<\/p>\n","protected":false},"author":1,"featured_media":4072,"comment_status":"closed","ping_status":"closed","sticky":false,"template":"","format":"standard","meta":{"footnotes":""},"categories":[58],"tags":[],"class_list":["post-4071","post","type-post","status-publish","format-standard","has-post-thumbnail","hentry","category-top-"],"_links":{"self":[{"href":"https:\/\/www.vmnoticias.info\/index.php?rest_route=\/wp\/v2\/posts\/4071","targetHints":{"allow":["GET"]}}],"collection":[{"href":"https:\/\/www.vmnoticias.info\/index.php?rest_route=\/wp\/v2\/posts"}],"about":[{"href":"https:\/\/www.vmnoticias.info\/index.php?rest_route=\/wp\/v2\/types\/post"}],"author":[{"embeddable":true,"href":"https:\/\/www.vmnoticias.info\/index.php?rest_route=\/wp\/v2\/users\/1"}],"replies":[{"embeddable":true,"href":"https:\/\/www.vmnoticias.info\/index.php?rest_route=%2Fwp%2Fv2%2Fcomments&post=4071"}],"version-history":[{"count":1,"href":"https:\/\/www.vmnoticias.info\/index.php?rest_route=\/wp\/v2\/posts\/4071\/revisions"}],"predecessor-version":[{"id":4073,"href":"https:\/\/www.vmnoticias.info\/index.php?rest_route=\/wp\/v2\/posts\/4071\/revisions\/4073"}],"wp:featuredmedia":[{"embeddable":true,"href":"https:\/\/www.vmnoticias.info\/index.php?rest_route=\/wp\/v2\/media\/4072"}],"wp:attachment":[{"href":"https:\/\/www.vmnoticias.info\/index.php?rest_route=%2Fwp%2Fv2%2Fmedia&parent=4071"}],"wp:term":[{"taxonomy":"category","embeddable":true,"href":"https:\/\/www.vmnoticias.info\/index.php?rest_route=%2Fwp%2Fv2%2Fcategories&post=4071"},{"taxonomy":"post_tag","embeddable":true,"href":"https:\/\/www.vmnoticias.info\/index.php?rest_route=%2Fwp%2Fv2%2Ftags&post=4071"}],"curies":[{"name":"wp","href":"https:\/\/api.w.org\/{rel}","templated":true}]}}