{"id":4077,"date":"2023-10-23T17:51:47","date_gmt":"2023-10-23T22:51:47","guid":{"rendered":"https:\/\/www.vmnoticias.info\/?p=4077"},"modified":"2023-10-23T17:51:47","modified_gmt":"2023-10-23T22:51:47","slug":"anuncio-carlos-pena-ortiz-tradicional-concurso-de-catrinas-2023","status":"publish","type":"post","link":"https:\/\/www.vmnoticias.info\/?p=4077","title":{"rendered":"Anunci\u00f3 Carlos Pe\u00f1a Ortiz tradicional concurso de Catrinas 2023"},"content":{"rendered":"<p>&#8211; Reynosa las celebrar\u00e1 el d\u00eda 29 de octubre en la plaza principal.<br \/>\nPor Yani Vega<br \/>\nReynosa, Tam.-El Presidente Municipal Carlos Pe\u00f1a Ortiz, anunci\u00f3 a trav\u00e9s de la Secretar\u00eda de Desarrollo Econ\u00f3mico y del Empleo, en coordinaci\u00f3n con la C\u00e1mara Nacional de Comercio de Reynosa, el concurso Catrinas 2023, tradicion de la cultura mexicana, que se promueve en las familias de la ciudad.<\/p>\n<p>Este lunes 23 de octubre el Alcalde present\u00f3 el programa que se habr\u00e1 de celebrar en conjunto con los comerciantes locales el pr\u00f3ximo 29 de octubre en la plaza principal Miguel Hidalgo, donde las familias se podr\u00e1n dar cita para disfrutar el concurso y pasarela de los participantes registrados.<\/p>\n<p>Estas acciones encaminadas a la promoci\u00f3n cultural y tur\u00edstica, se\u00f1al\u00f3 el Presidente Municipal, incentiva a la convivencia y el rescate de los valores familiares.<\/p>\n<p>Con el Alcalde participaron en la presentaci\u00f3n del concurso de las Catrinas 2023, a nombre de Gildardo L\u00f3pez Hinojosa, Presidente de la CANANCO, el expresidente Roberto Cruz Hern\u00e1ndez; el Tesorero Advento Sosa Garza; el Secretario de Desarrollo Econ\u00f3mico del Empleo, Mauricio Trevi\u00f1o Garza, y el Coordinador de Turismo, Erick Stanford Silva; Marl\u00e9n Sosa, Directora de la Escuela de Monta y Escaramuza Gala de Oro; Omar Guzm\u00e1n, patrocinador, y Romelia Ruvalcaba, vicepresidenta de Turismo de la C\u00e1mara.<\/p>\n","protected":false},"excerpt":{"rendered":"<p>&#8211; Reynosa las celebrar\u00e1 el d\u00eda 29 de octubre en la plaza principal. Por Yani Vega Reynosa, Tam.-El Presidente Municipal Carlos Pe\u00f1a Ortiz, anunci\u00f3 a trav\u00e9s de la Secretar\u00eda de Desarrollo Econ\u00f3mico y del Empleo, en coordinaci\u00f3n con la C\u00e1mara Nacional de Comercio de Reynosa, el concurso Catrinas 2023, tradicion de la cultura mexicana, que [&hellip;]<\/p>\n","protected":false},"author":1,"featured_media":4078,"comment_status":"closed","ping_status":"closed","sticky":false,"template":"","format":"standard","meta":{"footnotes":""},"categories":[58],"tags":[],"class_list":["post-4077","post","type-post","status-publish","format-standard","has-post-thumbnail","hentry","category-top-"],"_links":{"self":[{"href":"https:\/\/www.vmnoticias.info\/index.php?rest_route=\/wp\/v2\/posts\/4077","targetHints":{"allow":["GET"]}}],"collection":[{"href":"https:\/\/www.vmnoticias.info\/index.php?rest_route=\/wp\/v2\/posts"}],"about":[{"href":"https:\/\/www.vmnoticias.info\/index.php?rest_route=\/wp\/v2\/types\/post"}],"author":[{"embeddable":true,"href":"https:\/\/www.vmnoticias.info\/index.php?rest_route=\/wp\/v2\/users\/1"}],"replies":[{"embeddable":true,"href":"https:\/\/www.vmnoticias.info\/index.php?rest_route=%2Fwp%2Fv2%2Fcomments&post=4077"}],"version-history":[{"count":1,"href":"https:\/\/www.vmnoticias.info\/index.php?rest_route=\/wp\/v2\/posts\/4077\/revisions"}],"predecessor-version":[{"id":4079,"href":"https:\/\/www.vmnoticias.info\/index.php?rest_route=\/wp\/v2\/posts\/4077\/revisions\/4079"}],"wp:featuredmedia":[{"embeddable":true,"href":"https:\/\/www.vmnoticias.info\/index.php?rest_route=\/wp\/v2\/media\/4078"}],"wp:attachment":[{"href":"https:\/\/www.vmnoticias.info\/index.php?rest_route=%2Fwp%2Fv2%2Fmedia&parent=4077"}],"wp:term":[{"taxonomy":"category","embeddable":true,"href":"https:\/\/www.vmnoticias.info\/index.php?rest_route=%2Fwp%2Fv2%2Fcategories&post=4077"},{"taxonomy":"post_tag","embeddable":true,"href":"https:\/\/www.vmnoticias.info\/index.php?rest_route=%2Fwp%2Fv2%2Ftags&post=4077"}],"curies":[{"name":"wp","href":"https:\/\/api.w.org\/{rel}","templated":true}]}}