{"id":4099,"date":"2023-10-30T10:04:39","date_gmt":"2023-10-30T15:04:39","guid":{"rendered":"https:\/\/www.vmnoticias.info\/?p=4099"},"modified":"2023-10-30T10:04:40","modified_gmt":"2023-10-30T15:04:40","slug":"participaron-jovenes-con-alcalde-carlos-pena-ortiz-en-foro-juvenil-de-la-agenda-2030","status":"publish","type":"post","link":"https:\/\/www.vmnoticias.info\/?p=4099","title":{"rendered":"Participaron j\u00f3venes con Alcalde Carlos Pe\u00f1a Ortiz en Foro Juvenil de la Agenda 2030"},"content":{"rendered":"<p>Por Yani Vega<br \/>\nReynosa, Tam.-El Presidente Municipal Carlos Pe\u00f1a Ortiz particip\u00f3 con m\u00e1s de 100 j\u00f3venes en en el Foro Juvenil Agenda 2030 en el que a trav\u00e9s de la Direcci\u00f3n de Atenci\u00f3n a la Juventud fueron convocados estudiantes, profesionistas y ciudadanos interesados en aportar ideas para la aplicaci\u00f3n de pol\u00edticas p\u00fablicas que impulsen todas las vertientes de desarrollo de nuestra ciudad.<\/p>\n<p>\u00abEs muy importante que participemos en pol\u00edtica para que nuestras ideas se incluyan en el desarrollo para el pa\u00eds que vamos a tener nosotros en un par de a\u00f1os\u00bb, dijo el Alcalde, quien expres\u00f3 su inter\u00e9s por que los j\u00f3venes propongan ideas de beneficio  colectivo.<\/p>\n<p>En las Mesas de Trabajo de la Agenda 2030 para el Desarrollo Sostenible los participantes elaboraron propuestas sobre salud, empleo y seguridad, entre otros temas que preocupan a los j\u00f3venes reynosenses.<\/p>\n<p>Dentro del programa, Diana Alanis Guerra, Coordinadora Municipal para la Implementaci\u00f3n de la Agenda 2030 ofreci\u00f3 la conferencia \u00abReynosa sostenible desde la visi\u00f3n de las juventudes\u00bb, en presencia del Director del organismo municipal que atiende este segmento de la poblaci\u00f3n, Carlos Jaymez Gonz\u00e1lez.<\/p>\n<p>Asistieron al Foro: Hidilberta Vel\u00e1zquez Mendoza, Secretaria de Bienestar Social; Carlos Silva, como representante de la Casa de la Tierra; Alfredo Careaga Pe\u00f1a, Secretario T\u00e9cnico de la Presidencia Municipal.<\/p>\n","protected":false},"excerpt":{"rendered":"<p>Por Yani Vega Reynosa, Tam.-El Presidente Municipal Carlos Pe\u00f1a Ortiz particip\u00f3 con m\u00e1s de 100 j\u00f3venes en en el Foro Juvenil Agenda 2030 en el que a trav\u00e9s de la Direcci\u00f3n de Atenci\u00f3n a la Juventud fueron convocados estudiantes, profesionistas y ciudadanos interesados en aportar ideas para la aplicaci\u00f3n de pol\u00edticas p\u00fablicas que impulsen todas [&hellip;]<\/p>\n","protected":false},"author":1,"featured_media":4100,"comment_status":"closed","ping_status":"closed","sticky":false,"template":"","format":"standard","meta":{"footnotes":""},"categories":[58],"tags":[],"class_list":["post-4099","post","type-post","status-publish","format-standard","has-post-thumbnail","hentry","category-top-"],"_links":{"self":[{"href":"https:\/\/www.vmnoticias.info\/index.php?rest_route=\/wp\/v2\/posts\/4099","targetHints":{"allow":["GET"]}}],"collection":[{"href":"https:\/\/www.vmnoticias.info\/index.php?rest_route=\/wp\/v2\/posts"}],"about":[{"href":"https:\/\/www.vmnoticias.info\/index.php?rest_route=\/wp\/v2\/types\/post"}],"author":[{"embeddable":true,"href":"https:\/\/www.vmnoticias.info\/index.php?rest_route=\/wp\/v2\/users\/1"}],"replies":[{"embeddable":true,"href":"https:\/\/www.vmnoticias.info\/index.php?rest_route=%2Fwp%2Fv2%2Fcomments&post=4099"}],"version-history":[{"count":1,"href":"https:\/\/www.vmnoticias.info\/index.php?rest_route=\/wp\/v2\/posts\/4099\/revisions"}],"predecessor-version":[{"id":4101,"href":"https:\/\/www.vmnoticias.info\/index.php?rest_route=\/wp\/v2\/posts\/4099\/revisions\/4101"}],"wp:featuredmedia":[{"embeddable":true,"href":"https:\/\/www.vmnoticias.info\/index.php?rest_route=\/wp\/v2\/media\/4100"}],"wp:attachment":[{"href":"https:\/\/www.vmnoticias.info\/index.php?rest_route=%2Fwp%2Fv2%2Fmedia&parent=4099"}],"wp:term":[{"taxonomy":"category","embeddable":true,"href":"https:\/\/www.vmnoticias.info\/index.php?rest_route=%2Fwp%2Fv2%2Fcategories&post=4099"},{"taxonomy":"post_tag","embeddable":true,"href":"https:\/\/www.vmnoticias.info\/index.php?rest_route=%2Fwp%2Fv2%2Ftags&post=4099"}],"curies":[{"name":"wp","href":"https:\/\/api.w.org\/{rel}","templated":true}]}}