{"id":4102,"date":"2023-10-30T19:14:08","date_gmt":"2023-10-31T00:14:08","guid":{"rendered":"https:\/\/www.vmnoticias.info\/?p=4102"},"modified":"2023-10-30T19:14:08","modified_gmt":"2023-10-31T00:14:08","slug":"registro-gobierno-de-reynosa-a-estudiantes-en-programa-de-becas-municipales","status":"publish","type":"post","link":"https:\/\/www.vmnoticias.info\/?p=4102","title":{"rendered":"Registr\u00f3 Gobierno de Reynosa a estudiantes en Programa de Becas Municipales"},"content":{"rendered":"<p>&#8211; El Alcalde Carlos Pe\u00f1a Ortiz dio inicio a la recepci\u00f3n de documentos para 700 estudiantes del CETIS 71.<\/p>\n<p>Por Yani Vega<br \/>\nReynosa, Tam.-Padres de familia, docentes y alumnos del CETIS 71, recibieron al Presidente Municipal Carlos Pe\u00f1a Ortiz, quien acudi\u00f3 a entregar 700 Becas Municipales del programa \u00abContamos Contigo 2023\u00bb, que apoya a m\u00e1s de 35 Mil estudiantes en Reynosa, por lo que a nivel nacional fue premiada como Ciudad Educadora.<\/p>\n<p>La Directora, Martha Reyna Mart\u00ednez, resalt\u00f3 el beneficio que el Programa de Becas M\u00e1s Grande en la Historia de Reynosa deja en esta instituci\u00f3n de educaci\u00f3n media superior; \u00abhoy damos un agradecimiento especial al Alcalde por la gesti\u00f3n que realiza con su equipo y el Cabildo para traer a los estudiantes estas Becas con el objetivo de disminuir la deserci\u00f3n escolar\u00bb, dijo, precediendo a la intervenci\u00f3n del alumno de quinto semestre, \u00c1ngel Mendoza Su\u00e1rez.<\/p>\n<p>\u00abPara nosotros como Gobierno Municipal es muy importante que sus hijos se sigan capacitando; si en verdad queremos salir de la pobreza tenemos que apostarle a las futuras generaciones\u00bb, dijo el Alcalde para proceder a iniciar el registro de 700 aspirantes al proceso este lunes 30 de octubre.<\/p>\n<p>En la ceremonia participaron, la Secretaria de Bienestar Social, Hidilberta Vel\u00e1zquez Mendoza, el Director de Educaci\u00f3n Municipal, Jos\u00e9 Eugenio Quir\u00f3z Longoria; el Director de Atenci\u00f3n a la Juventud, Carlos Jaymez Gonz\u00e1lez; el Regidor Jaime Arratia Banda, los profesores Jorge Guadalupe Acu\u00f1a Tov\u00edas y Jos\u00e9 Iram Rodr\u00edguez Lim\u00f3n.<\/p>\n","protected":false},"excerpt":{"rendered":"<p>&#8211; El Alcalde Carlos Pe\u00f1a Ortiz dio inicio a la recepci\u00f3n de documentos para 700 estudiantes del CETIS 71. Por Yani Vega Reynosa, Tam.-Padres de familia, docentes y alumnos del CETIS 71, recibieron al Presidente Municipal Carlos Pe\u00f1a Ortiz, quien acudi\u00f3 a entregar 700 Becas Municipales del programa \u00abContamos Contigo 2023\u00bb, que apoya a m\u00e1s [&hellip;]<\/p>\n","protected":false},"author":1,"featured_media":4103,"comment_status":"closed","ping_status":"closed","sticky":false,"template":"","format":"standard","meta":{"footnotes":""},"categories":[58],"tags":[],"class_list":["post-4102","post","type-post","status-publish","format-standard","has-post-thumbnail","hentry","category-top-"],"_links":{"self":[{"href":"https:\/\/www.vmnoticias.info\/index.php?rest_route=\/wp\/v2\/posts\/4102","targetHints":{"allow":["GET"]}}],"collection":[{"href":"https:\/\/www.vmnoticias.info\/index.php?rest_route=\/wp\/v2\/posts"}],"about":[{"href":"https:\/\/www.vmnoticias.info\/index.php?rest_route=\/wp\/v2\/types\/post"}],"author":[{"embeddable":true,"href":"https:\/\/www.vmnoticias.info\/index.php?rest_route=\/wp\/v2\/users\/1"}],"replies":[{"embeddable":true,"href":"https:\/\/www.vmnoticias.info\/index.php?rest_route=%2Fwp%2Fv2%2Fcomments&post=4102"}],"version-history":[{"count":1,"href":"https:\/\/www.vmnoticias.info\/index.php?rest_route=\/wp\/v2\/posts\/4102\/revisions"}],"predecessor-version":[{"id":4104,"href":"https:\/\/www.vmnoticias.info\/index.php?rest_route=\/wp\/v2\/posts\/4102\/revisions\/4104"}],"wp:featuredmedia":[{"embeddable":true,"href":"https:\/\/www.vmnoticias.info\/index.php?rest_route=\/wp\/v2\/media\/4103"}],"wp:attachment":[{"href":"https:\/\/www.vmnoticias.info\/index.php?rest_route=%2Fwp%2Fv2%2Fmedia&parent=4102"}],"wp:term":[{"taxonomy":"category","embeddable":true,"href":"https:\/\/www.vmnoticias.info\/index.php?rest_route=%2Fwp%2Fv2%2Fcategories&post=4102"},{"taxonomy":"post_tag","embeddable":true,"href":"https:\/\/www.vmnoticias.info\/index.php?rest_route=%2Fwp%2Fv2%2Ftags&post=4102"}],"curies":[{"name":"wp","href":"https:\/\/api.w.org\/{rel}","templated":true}]}}