{"id":4128,"date":"2023-11-02T16:16:49","date_gmt":"2023-11-02T21:16:49","guid":{"rendered":"https:\/\/www.vmnoticias.info\/?p=4128"},"modified":"2023-11-02T16:16:50","modified_gmt":"2023-11-02T21:16:50","slug":"concluye-uat-con-exito-la-semana-de-la-psicologia-en-el-campus-tampico","status":"publish","type":"post","link":"https:\/\/www.vmnoticias.info\/?p=4128","title":{"rendered":"Concluye UAT con \u00e9xito la Semana de la Psicolog\u00eda en el Campus Tampico"},"content":{"rendered":"<p>Por Deyanira Vega<br \/>\nTampico, Tam.-La Universidad Aut\u00f3noma de Tamaulipas (UAT) a trav\u00e9s de la Facultad de Derecho y Ciencias Sociales (FADYCS) Tampico concluy\u00f3 con \u00e9xito la s\u00e9ptima Semana de la Psicolog\u00eda que se desarroll\u00f3 del 30 de octubre al 1 de noviembre de 2023, mediante un programa de conferencias, talleres y conversatorios dirigidos a docentes y estudiantes de la Licenciatura en Psicolog\u00eda de ese plantel universitario.<br \/>\nCon el tema central \u00abPsicoterapia: una visi\u00f3n renovada\u00bb, las actividades tuvieron como sedes el Espacio Cultural Metropolitano de Tampico y las instalaciones de la FADYCS en el Campus Sur de la UAT.<br \/>\nEl evento acad\u00e9mico se enmarca en el Programa Vida UAT impulsado por el rector C.P. Guillermo Mendoza Cavazos, qui\u00e9n ha destacado la importancia de dotar a los alumnos de herramientas educativas que les permitan contar con una s\u00f3lida formaci\u00f3n integral.<br \/>\nLa apertura de los trabajos correspondi\u00f3 a la directora de la FADYCS, Dra. Elda Ruth de Los Reyes Villarreal, en ceremonia que se llev\u00f3 a cabo en el Teatro del Espacio Cultural Metropolitano.<br \/>\nComo parte del programa se imparti\u00f3 la conferencia \u00abModelo Integrativo de Regulaci\u00f3n Emocional (MIRE)\u00bb a cargo del Dr. Michel Andr\u00e9 Reyes Ortega, especialista en el campo de la psicoterapia.<br \/>\nSe disert\u00f3 tambi\u00e9n la conferencia \u00abTerapia de aceptaci\u00f3n y compromiso: un camino hacia una vida saludable\u00bb, que abord\u00f3 el Mtro. Jonathan Gamaliel Acu\u00f1a Mascare\u00f1as, coordinador del \u00e1rea de Asesor\u00eda Psicol\u00f3gica de la FADYCS.<br \/>\nAdem\u00e1s, se efectu\u00f3 el conversatorio \u00abContexto de la pandemia por COVID: origen, consecuencias y estrategias de intervenci\u00f3n\u00bb, donde participaron el Dr. Michel<br \/>\n2 \/ 2<br \/>\nAndr\u00e9 Reyes Ortega, la Mtra. Sandra Esther Becerril Carrrasco, la Dra. Venus Mar\u00eda Piedad Bonilla Rocha y la Mtra. Ilse Alejandra G\u00f3mez Ortega.<\/p>\n","protected":false},"excerpt":{"rendered":"<p>Por Deyanira Vega Tampico, Tam.-La Universidad Aut\u00f3noma de Tamaulipas (UAT) a trav\u00e9s de la Facultad de Derecho y Ciencias Sociales (FADYCS) Tampico concluy\u00f3 con \u00e9xito la s\u00e9ptima Semana de la Psicolog\u00eda que se desarroll\u00f3 del 30 de octubre al 1 de noviembre de 2023, mediante un programa de conferencias, talleres y conversatorios dirigidos a docentes [&hellip;]<\/p>\n","protected":false},"author":1,"featured_media":4129,"comment_status":"closed","ping_status":"closed","sticky":false,"template":"","format":"standard","meta":{"footnotes":""},"categories":[59],"tags":[],"class_list":["post-4128","post","type-post","status-publish","format-standard","has-post-thumbnail","hentry","category-boletines"],"_links":{"self":[{"href":"https:\/\/www.vmnoticias.info\/index.php?rest_route=\/wp\/v2\/posts\/4128","targetHints":{"allow":["GET"]}}],"collection":[{"href":"https:\/\/www.vmnoticias.info\/index.php?rest_route=\/wp\/v2\/posts"}],"about":[{"href":"https:\/\/www.vmnoticias.info\/index.php?rest_route=\/wp\/v2\/types\/post"}],"author":[{"embeddable":true,"href":"https:\/\/www.vmnoticias.info\/index.php?rest_route=\/wp\/v2\/users\/1"}],"replies":[{"embeddable":true,"href":"https:\/\/www.vmnoticias.info\/index.php?rest_route=%2Fwp%2Fv2%2Fcomments&post=4128"}],"version-history":[{"count":1,"href":"https:\/\/www.vmnoticias.info\/index.php?rest_route=\/wp\/v2\/posts\/4128\/revisions"}],"predecessor-version":[{"id":4130,"href":"https:\/\/www.vmnoticias.info\/index.php?rest_route=\/wp\/v2\/posts\/4128\/revisions\/4130"}],"wp:featuredmedia":[{"embeddable":true,"href":"https:\/\/www.vmnoticias.info\/index.php?rest_route=\/wp\/v2\/media\/4129"}],"wp:attachment":[{"href":"https:\/\/www.vmnoticias.info\/index.php?rest_route=%2Fwp%2Fv2%2Fmedia&parent=4128"}],"wp:term":[{"taxonomy":"category","embeddable":true,"href":"https:\/\/www.vmnoticias.info\/index.php?rest_route=%2Fwp%2Fv2%2Fcategories&post=4128"},{"taxonomy":"post_tag","embeddable":true,"href":"https:\/\/www.vmnoticias.info\/index.php?rest_route=%2Fwp%2Fv2%2Ftags&post=4128"}],"curies":[{"name":"wp","href":"https:\/\/api.w.org\/{rel}","templated":true}]}}