{"id":4152,"date":"2023-11-08T15:18:00","date_gmt":"2023-11-08T21:18:00","guid":{"rendered":"https:\/\/www.vmnoticias.info\/?p=4152"},"modified":"2023-11-13T15:20:32","modified_gmt":"2023-11-13T21:20:32","slug":"fortalece-uat-las-practicas-preprofesionales-de-sus-estudiantes","status":"publish","type":"post","link":"https:\/\/www.vmnoticias.info\/?p=4152","title":{"rendered":"Fortalece UAT las pr\u00e1cticas preprofesionales. de sus estudiantes"},"content":{"rendered":"<p>Por Deyanira Vega<br \/>\nCiudad Victoria, -En el compromiso de brindar una educaci\u00f3n integral a sus estudiantes, la Universidad Aut\u00f3noma de Tamaulipas (UAT) llev\u00f3 a cabo el Primer Foro de Pr\u00e1cticas Preprofesionales \u00abCompartiendo Experiencias\u201d, en el Centro Universitario Victoria.<br \/>\nLa iniciativa, que tiene como marco las pol\u00edticas establecidas por el rector C.P. Guillermo Mendoza Cavazos, busca enriquecer la educaci\u00f3n de la comunidad estudiantil, brind\u00e1ndoles valiosas oportunidades de crecimiento, inserci\u00f3n y desarrollo en el \u00e1mbito laboral.<br \/>\nRealizado los d\u00edas 7 y 8 de noviembre en el auditorio del Centro de Excelencia, el evento se organiz\u00f3 de manera presencial y se transmiti\u00f3 por videoconferencia, lo que facilit\u00f3 al estudiante conocer con mayor amplitud las experiencias de esta actividad formativa para aplicar sus conocimientos, habilidades y aptitudes en diferentes campos de intervenci\u00f3n.<br \/>\nEl foro organizado por la Secretar\u00eda de Gesti\u00f3n Escolar de la UAT a trav\u00e9s de la Direcci\u00f3n de Fortalecimiento de Pr\u00e1cticas Preprofesionales ofreci\u00f3 una plataforma para que el alumnado pudiera entender la relevancia de esta actividad en su futura inclusi\u00f3n en el mercado laboral.<br \/>\nAdem\u00e1s, les permiti\u00f3 conocer de cerca c\u00f3mo la universidad se vincula con el entorno empresarial, brind\u00e1ndoles la oportunidad de aprender de las experiencias de otros alumnos y c\u00f3mo estas les han ayudado a comprender la realidad del \u00e1mbito profesional.<br \/>\nLa directora de Pr\u00e1cticas Preprofesionales, Dra. Flor Esthela Carbajal Mata, destac\u00f3 que, en la actualidad, aproximadamente seis mil ochocientos estudiantes de la UAT est\u00e1n realizando sus pr\u00e1cticas en estancias receptoras tanto p\u00fablicas como privadas, en \u00e1reas de la salud, agropecuaria, tur\u00edstica, jur\u00eddica entre otras.<\/p>\n","protected":false},"excerpt":{"rendered":"<p>Por Deyanira Vega Ciudad Victoria, -En el compromiso de brindar una educaci\u00f3n integral a sus estudiantes, la Universidad Aut\u00f3noma de Tamaulipas (UAT) llev\u00f3 a cabo el Primer Foro de Pr\u00e1cticas Preprofesionales \u00abCompartiendo Experiencias\u201d, en el Centro Universitario Victoria. La iniciativa, que tiene como marco las pol\u00edticas establecidas por el rector C.P. Guillermo Mendoza Cavazos, busca [&hellip;]<\/p>\n","protected":false},"author":1,"featured_media":4153,"comment_status":"closed","ping_status":"closed","sticky":false,"template":"","format":"standard","meta":{"footnotes":""},"categories":[59],"tags":[],"class_list":["post-4152","post","type-post","status-publish","format-standard","has-post-thumbnail","hentry","category-boletines"],"_links":{"self":[{"href":"https:\/\/www.vmnoticias.info\/index.php?rest_route=\/wp\/v2\/posts\/4152","targetHints":{"allow":["GET"]}}],"collection":[{"href":"https:\/\/www.vmnoticias.info\/index.php?rest_route=\/wp\/v2\/posts"}],"about":[{"href":"https:\/\/www.vmnoticias.info\/index.php?rest_route=\/wp\/v2\/types\/post"}],"author":[{"embeddable":true,"href":"https:\/\/www.vmnoticias.info\/index.php?rest_route=\/wp\/v2\/users\/1"}],"replies":[{"embeddable":true,"href":"https:\/\/www.vmnoticias.info\/index.php?rest_route=%2Fwp%2Fv2%2Fcomments&post=4152"}],"version-history":[{"count":1,"href":"https:\/\/www.vmnoticias.info\/index.php?rest_route=\/wp\/v2\/posts\/4152\/revisions"}],"predecessor-version":[{"id":4154,"href":"https:\/\/www.vmnoticias.info\/index.php?rest_route=\/wp\/v2\/posts\/4152\/revisions\/4154"}],"wp:featuredmedia":[{"embeddable":true,"href":"https:\/\/www.vmnoticias.info\/index.php?rest_route=\/wp\/v2\/media\/4153"}],"wp:attachment":[{"href":"https:\/\/www.vmnoticias.info\/index.php?rest_route=%2Fwp%2Fv2%2Fmedia&parent=4152"}],"wp:term":[{"taxonomy":"category","embeddable":true,"href":"https:\/\/www.vmnoticias.info\/index.php?rest_route=%2Fwp%2Fv2%2Fcategories&post=4152"},{"taxonomy":"post_tag","embeddable":true,"href":"https:\/\/www.vmnoticias.info\/index.php?rest_route=%2Fwp%2Fv2%2Ftags&post=4152"}],"curies":[{"name":"wp","href":"https:\/\/api.w.org\/{rel}","templated":true}]}}