{"id":4155,"date":"2023-11-09T15:20:00","date_gmt":"2023-11-09T21:20:00","guid":{"rendered":"https:\/\/www.vmnoticias.info\/?p=4155"},"modified":"2023-11-13T15:23:21","modified_gmt":"2023-11-13T21:23:21","slug":"firma-la-uat-acuerdo-con-south-texas-college","status":"publish","type":"post","link":"https:\/\/www.vmnoticias.info\/?p=4155","title":{"rendered":"Firma la UAT acuerdo con South Texas College"},"content":{"rendered":"<p>Por Deyanira Vega<br \/>\nCiudad Victoria, Tam.-En el marco de los proyectos de colaboraci\u00f3n internacional, la Universidad Aut\u00f3noma de Tamaulipas (UAT) y South Texas College (STC) firmaron un acuerdo que permitir\u00e1 fortalecer la vinculaci\u00f3n entre ambas instituciones y realizar programas en materia acad\u00e9mica, as\u00ed como de movilidad de estudiantes y docentes.<br \/>\nEl C.P. Guillermo Mendoza Cavazos, rector de la UAT, y el Dr. Ricardo J. Sol\u00eds, presidente de STC, suscribieron el convenio que consolida la cooperaci\u00f3n bilateral para impulsar programas conjuntos en beneficio de sus comunidades estudiantiles y docentes.<br \/>\nLa firma del acuerdo se llev\u00f3 a cabo en el Campus Pecan de STC ubicado en la ciudad de McAllen, Texas, en los Estados Unidos, donde estuvieron presentes tambi\u00e9n autoridades acad\u00e9micas de la UAT que acompa\u00f1aron al rector Guillermo Mendoza Cavazos.<br \/>\nEn ese contexto, se puso de relieve que el acuerdo celebrado es una asociaci\u00f3n hist\u00f3rica entre ambos sistemas universitarios, y que, en primera instancia, abre la oportunidad a estudiantes de la UAT para ampliar sus conocimientos en las \u00e1reas de ciberseguridad y tecnolog\u00edas de la informaci\u00f3n en los programas de vanguardia del South Texas College.<br \/>\nPor parte de la UAT asistieron: el Mtro. Mauricio Pimentel Torres, secretario de Vinculaci\u00f3n; la Dra. Mar\u00eda de Jes\u00fas Hern\u00e1ndez Rangel, directora de Relaciones Internacionales; el Dr. Jaime Gerardo Malacara Nav\u00e9jar, director de la Unidad Acad\u00e9mica Multidisciplinaria Reynosa Rodhe y la Dra. Karla Villarreal Sotelo, directora de la Unidad Acad\u00e9mica Multidisciplinaria Reynosa Aztl\u00e1n.<\/p>\n","protected":false},"excerpt":{"rendered":"<p>Por Deyanira Vega Ciudad Victoria, Tam.-En el marco de los proyectos de colaboraci\u00f3n internacional, la Universidad Aut\u00f3noma de Tamaulipas (UAT) y South Texas College (STC) firmaron un acuerdo que permitir\u00e1 fortalecer la vinculaci\u00f3n entre ambas instituciones y realizar programas en materia acad\u00e9mica, as\u00ed como de movilidad de estudiantes y docentes. El C.P. Guillermo Mendoza Cavazos, [&hellip;]<\/p>\n","protected":false},"author":1,"featured_media":4156,"comment_status":"closed","ping_status":"closed","sticky":false,"template":"","format":"standard","meta":{"footnotes":""},"categories":[59],"tags":[],"class_list":["post-4155","post","type-post","status-publish","format-standard","has-post-thumbnail","hentry","category-boletines"],"_links":{"self":[{"href":"https:\/\/www.vmnoticias.info\/index.php?rest_route=\/wp\/v2\/posts\/4155","targetHints":{"allow":["GET"]}}],"collection":[{"href":"https:\/\/www.vmnoticias.info\/index.php?rest_route=\/wp\/v2\/posts"}],"about":[{"href":"https:\/\/www.vmnoticias.info\/index.php?rest_route=\/wp\/v2\/types\/post"}],"author":[{"embeddable":true,"href":"https:\/\/www.vmnoticias.info\/index.php?rest_route=\/wp\/v2\/users\/1"}],"replies":[{"embeddable":true,"href":"https:\/\/www.vmnoticias.info\/index.php?rest_route=%2Fwp%2Fv2%2Fcomments&post=4155"}],"version-history":[{"count":1,"href":"https:\/\/www.vmnoticias.info\/index.php?rest_route=\/wp\/v2\/posts\/4155\/revisions"}],"predecessor-version":[{"id":4157,"href":"https:\/\/www.vmnoticias.info\/index.php?rest_route=\/wp\/v2\/posts\/4155\/revisions\/4157"}],"wp:featuredmedia":[{"embeddable":true,"href":"https:\/\/www.vmnoticias.info\/index.php?rest_route=\/wp\/v2\/media\/4156"}],"wp:attachment":[{"href":"https:\/\/www.vmnoticias.info\/index.php?rest_route=%2Fwp%2Fv2%2Fmedia&parent=4155"}],"wp:term":[{"taxonomy":"category","embeddable":true,"href":"https:\/\/www.vmnoticias.info\/index.php?rest_route=%2Fwp%2Fv2%2Fcategories&post=4155"},{"taxonomy":"post_tag","embeddable":true,"href":"https:\/\/www.vmnoticias.info\/index.php?rest_route=%2Fwp%2Fv2%2Ftags&post=4155"}],"curies":[{"name":"wp","href":"https:\/\/api.w.org\/{rel}","templated":true}]}}