{"id":4158,"date":"2023-11-10T15:23:00","date_gmt":"2023-11-10T21:23:00","guid":{"rendered":"https:\/\/www.vmnoticias.info\/?p=4158"},"modified":"2023-11-13T15:25:58","modified_gmt":"2023-11-13T21:25:58","slug":"continua-la-uat-sumando-apoyos-para-damnificados-por-otis","status":"publish","type":"post","link":"https:\/\/www.vmnoticias.info\/?p=4158","title":{"rendered":"Contin\u00faa la UAT sumando apoyos para damnificados por OTIS"},"content":{"rendered":"<p>Por Deyanira Vega<br \/>\nCiudad Victoria, Tam.-La Universidad Aut\u00f3noma de Tamaulipas (UAT) mantiene su firme compromiso social al continuar con la colecta \u00abUnidos por Acapulco\u00bb como parte de su respuesta solidaria ante los estragos provocados por el fen\u00f3meno meteorol\u00f3gico OTIS en el estado de Guerrero.<br \/>\nBajo la direcci\u00f3n del rector Guillermo Mendoza Cavazos, la UAT ha convocado a todas sus dependencias universitarias para contribuir activamente a esta noble causa.<br \/>\nSumando sus esfuerzos a los de instituciones gubernamentales, organismos sociales y la sociedad en general, la M\u00e1xima Casa de Estudios refuerza los lazos de solidaridad en momentos cr\u00edticos, extendiendo su ayuda en beneficio de aquellos que m\u00e1s lo necesitan.<br \/>\nCoordinada por la Direcci\u00f3n de Participaci\u00f3n Estudiantil de la Secretar\u00eda de Gesti\u00f3n Escolar de la UAT, la iniciativa ha logrado una respuesta positiva desde su lanzamiento el pasado 27 de octubre, con diversos centros de acopio distribuidos estrat\u00e9gicamente en facultades, unidades acad\u00e9micas, escuelas y diversos espacios universitarios, que han sido puntos de recolecci\u00f3n para recibir donativos voluntarios de art\u00edculos de primera necesidad.<br \/>\nPor su parte, la Mtra. Marlen P\u00e9rez S\u00e1nchez, directora de Participaci\u00f3n Estudiantil, destac\u00f3 la generosidad de la comunidad universitaria y anunci\u00f3 que la recepci\u00f3n de contribuciones se extender\u00e1 hasta mediados de noviembre en el centro de acopio ubicado en esta dependencia de la UAT ubicada en el 13 boulevard Adolfo L\u00f3pez Mateos en Cd. Victoria, donde se ha estado concentrando el apoyo colectado en todos los campus<\/p>\n","protected":false},"excerpt":{"rendered":"<p>Por Deyanira Vega Ciudad Victoria, Tam.-La Universidad Aut\u00f3noma de Tamaulipas (UAT) mantiene su firme compromiso social al continuar con la colecta \u00abUnidos por Acapulco\u00bb como parte de su respuesta solidaria ante los estragos provocados por el fen\u00f3meno meteorol\u00f3gico OTIS en el estado de Guerrero. Bajo la direcci\u00f3n del rector Guillermo Mendoza Cavazos, la UAT ha [&hellip;]<\/p>\n","protected":false},"author":1,"featured_media":4159,"comment_status":"closed","ping_status":"closed","sticky":false,"template":"","format":"standard","meta":{"footnotes":""},"categories":[59],"tags":[],"class_list":["post-4158","post","type-post","status-publish","format-standard","has-post-thumbnail","hentry","category-boletines"],"_links":{"self":[{"href":"https:\/\/www.vmnoticias.info\/index.php?rest_route=\/wp\/v2\/posts\/4158","targetHints":{"allow":["GET"]}}],"collection":[{"href":"https:\/\/www.vmnoticias.info\/index.php?rest_route=\/wp\/v2\/posts"}],"about":[{"href":"https:\/\/www.vmnoticias.info\/index.php?rest_route=\/wp\/v2\/types\/post"}],"author":[{"embeddable":true,"href":"https:\/\/www.vmnoticias.info\/index.php?rest_route=\/wp\/v2\/users\/1"}],"replies":[{"embeddable":true,"href":"https:\/\/www.vmnoticias.info\/index.php?rest_route=%2Fwp%2Fv2%2Fcomments&post=4158"}],"version-history":[{"count":1,"href":"https:\/\/www.vmnoticias.info\/index.php?rest_route=\/wp\/v2\/posts\/4158\/revisions"}],"predecessor-version":[{"id":4160,"href":"https:\/\/www.vmnoticias.info\/index.php?rest_route=\/wp\/v2\/posts\/4158\/revisions\/4160"}],"wp:featuredmedia":[{"embeddable":true,"href":"https:\/\/www.vmnoticias.info\/index.php?rest_route=\/wp\/v2\/media\/4159"}],"wp:attachment":[{"href":"https:\/\/www.vmnoticias.info\/index.php?rest_route=%2Fwp%2Fv2%2Fmedia&parent=4158"}],"wp:term":[{"taxonomy":"category","embeddable":true,"href":"https:\/\/www.vmnoticias.info\/index.php?rest_route=%2Fwp%2Fv2%2Fcategories&post=4158"},{"taxonomy":"post_tag","embeddable":true,"href":"https:\/\/www.vmnoticias.info\/index.php?rest_route=%2Fwp%2Fv2%2Ftags&post=4158"}],"curies":[{"name":"wp","href":"https:\/\/api.w.org\/{rel}","templated":true}]}}