{"id":4164,"date":"2023-11-13T15:31:13","date_gmt":"2023-11-13T21:31:13","guid":{"rendered":"https:\/\/www.vmnoticias.info\/?p=4164"},"modified":"2023-11-13T15:31:14","modified_gmt":"2023-11-13T21:31:14","slug":"fortalece-la-uat-compromiso-con-la-cultura-de-paz-y-derechos-de-los-universitarios","status":"publish","type":"post","link":"https:\/\/www.vmnoticias.info\/?p=4164","title":{"rendered":"Fortalece la UAT compromiso con la cultura de paz y derechos de los universitarios"},"content":{"rendered":"<p>Por Deyanira Vega<br \/>\nCiudad Victoria, Tam.-Al poner en marcha la Semana Universitaria de los Derechos Humanos, el rector de la Universidad Aut\u00f3noma de Tamaulipas (UAT) Guillermo Mendoza Cavazos reafirm\u00f3 el compromiso de fortalecer la cultura de paz, el respeto y la protecci\u00f3n de los derechos de los universitarios de la M\u00e1xima Casa de Estudios de la entidad.<br \/>\nEl C.P. Guillermo Mendoza presidi\u00f3 en el Campus Victoria la apertura de actividades organizadas a trav\u00e9s de la Defensor\u00eda de los Derechos Universitarios (DDU-UAT), acompa\u00f1ado por la Dra. Urenda Queletz\u00fa Navarro S\u00e1nchez, presidenta de la Red Nacional de Organismos Defensores de Derechos Universitarios, (REDDU), a qui\u00e9n dio la bienvenida y le agradeci\u00f3 el apoyo para seguir promoviendo el conocimiento de los derechos humanos.<br \/>\nSe\u00f1al\u00f3 el rector que, en la UAT, se reconoce a la Defensor\u00eda como la instancia para consolidar la pol\u00edtica institucional en materia de derechos humanos, y subray\u00f3 la prioridad de respetar y proteger los derechos de quienes integran la comunidad universitaria.<br \/>\n\u201cReitero mi compromiso de fortalecer este organismo y fomentar las mejores pr\u00e1cticas en la materia; as\u00ed como tambi\u00e9n, de trabajar en propuestas de reformas normativas y administrativas orientadas al inter\u00e9s superior de los estudiantes\u201d, expres\u00f3.<br \/>\nSostuvo el rector que se promueve una agenda de difusi\u00f3n, la especializaci\u00f3n del personal y la activaci\u00f3n de herramientas de denuncia accesibles como v\u00edas del primer contacto.<br \/>\nAgreg\u00f3 que, en el refuerzo a esas acciones, la universidad cuenta con el Protocolo para Atender la Violencia de G\u00e9nero y el Plan Integral de Cultura de Paz, como instrumentos para proteger a la comunidad universitaria en cuanto al ejercicio<br \/>\n2 \/ 2<br \/>\nde los derechos humanos, y, en particular, del derecho a la educaci\u00f3n superior en un entorno de paz e igualdad<\/p>\n","protected":false},"excerpt":{"rendered":"<p>Por Deyanira Vega Ciudad Victoria, Tam.-Al poner en marcha la Semana Universitaria de los Derechos Humanos, el rector de la Universidad Aut\u00f3noma de Tamaulipas (UAT) Guillermo Mendoza Cavazos reafirm\u00f3 el compromiso de fortalecer la cultura de paz, el respeto y la protecci\u00f3n de los derechos de los universitarios de la M\u00e1xima Casa de Estudios de [&hellip;]<\/p>\n","protected":false},"author":1,"featured_media":4165,"comment_status":"closed","ping_status":"closed","sticky":false,"template":"","format":"standard","meta":{"footnotes":""},"categories":[59],"tags":[],"class_list":["post-4164","post","type-post","status-publish","format-standard","has-post-thumbnail","hentry","category-boletines"],"_links":{"self":[{"href":"https:\/\/www.vmnoticias.info\/index.php?rest_route=\/wp\/v2\/posts\/4164","targetHints":{"allow":["GET"]}}],"collection":[{"href":"https:\/\/www.vmnoticias.info\/index.php?rest_route=\/wp\/v2\/posts"}],"about":[{"href":"https:\/\/www.vmnoticias.info\/index.php?rest_route=\/wp\/v2\/types\/post"}],"author":[{"embeddable":true,"href":"https:\/\/www.vmnoticias.info\/index.php?rest_route=\/wp\/v2\/users\/1"}],"replies":[{"embeddable":true,"href":"https:\/\/www.vmnoticias.info\/index.php?rest_route=%2Fwp%2Fv2%2Fcomments&post=4164"}],"version-history":[{"count":1,"href":"https:\/\/www.vmnoticias.info\/index.php?rest_route=\/wp\/v2\/posts\/4164\/revisions"}],"predecessor-version":[{"id":4166,"href":"https:\/\/www.vmnoticias.info\/index.php?rest_route=\/wp\/v2\/posts\/4164\/revisions\/4166"}],"wp:featuredmedia":[{"embeddable":true,"href":"https:\/\/www.vmnoticias.info\/index.php?rest_route=\/wp\/v2\/media\/4165"}],"wp:attachment":[{"href":"https:\/\/www.vmnoticias.info\/index.php?rest_route=%2Fwp%2Fv2%2Fmedia&parent=4164"}],"wp:term":[{"taxonomy":"category","embeddable":true,"href":"https:\/\/www.vmnoticias.info\/index.php?rest_route=%2Fwp%2Fv2%2Fcategories&post=4164"},{"taxonomy":"post_tag","embeddable":true,"href":"https:\/\/www.vmnoticias.info\/index.php?rest_route=%2Fwp%2Fv2%2Ftags&post=4164"}],"curies":[{"name":"wp","href":"https:\/\/api.w.org\/{rel}","templated":true}]}}