{"id":4339,"date":"2024-01-04T14:28:00","date_gmt":"2024-01-04T20:28:00","guid":{"rendered":"https:\/\/www.vmnoticias.info\/?p=4339"},"modified":"2024-02-04T14:31:00","modified_gmt":"2024-02-04T20:31:00","slug":"reanuda-uat-sus-actividades-administrativas-tras-concluir-las-vacaciones-de-invierno","status":"publish","type":"post","link":"https:\/\/www.vmnoticias.info\/?p=4339","title":{"rendered":"Reanuda UAT sus actividades administrativas tras concluir las vacaciones de invierno"},"content":{"rendered":"<p>Por Deyanira Vega<br \/>\nCiudad Victoria, Tam.- Najo la conducci\u00f3n del rector D\u00e1maso Anaya Alvarado, la Universidad Aut\u00f3noma de Tamaulipas (UAT) reanuda este viernes 5 de enero sus actividades administrativas que corresponden al ciclo de primavera 2024.<br \/>\nSiguiendo el calendario acad\u00e9mico\/administrativo establecido para el a\u00f1o 2024 por la UAT, el personal de la instituci\u00f3n retomar\u00e1 sus labores en todas las sedes ubicadas en las regiones centro, sur y norte del estado.<br \/>\nTras finalizar el periodo de descanso correspondiente a las festividades de diciembre, el personal de la Universidad reanudar\u00e1 sus actividades administrativas, las cuales ser\u00e1n fundamentales para preparar el inicio del ciclo escolar enero-mayo de 2024.<br \/>\nCon el inicio del periodo escolar de primavera 2024 se da apertura tambi\u00e9n al proceso de reinscripci\u00f3n para la comunidad estudiantil universitaria, as\u00ed como la inscripci\u00f3n de aquellos aspirantes que realizaron el examen CENEVAL en noviembre y fueron seleccionados para ingresar a alguno de los programas de licenciatura ofrecidos por la UAT en todo el estado. Este proceso se llevar\u00e1 a cabo del 5 al 31 de enero.<br \/>\nEs relevante destacar que, al concluir el 2023, el rector D\u00e1maso Leonardo Anaya Alvarado puso de relieve el objetivo de establecer las bases para crear un entorno de desarrollo universitario m\u00e1s s\u00f3lido e integrador, promoviendo un modelo de acercamiento del quehacer universitario a la sociedad y fortaleciendo una perspectiva humanista.<\/p>\n","protected":false},"excerpt":{"rendered":"<p>Por Deyanira Vega Ciudad Victoria, Tam.- Najo la conducci\u00f3n del rector D\u00e1maso Anaya Alvarado, la Universidad Aut\u00f3noma de Tamaulipas (UAT) reanuda este viernes 5 de enero sus actividades administrativas que corresponden al ciclo de primavera 2024. Siguiendo el calendario acad\u00e9mico\/administrativo establecido para el a\u00f1o 2024 por la UAT, el personal de la instituci\u00f3n retomar\u00e1 sus [&hellip;]<\/p>\n","protected":false},"author":1,"featured_media":4340,"comment_status":"closed","ping_status":"closed","sticky":false,"template":"","format":"standard","meta":{"footnotes":""},"categories":[59],"tags":[],"class_list":["post-4339","post","type-post","status-publish","format-standard","has-post-thumbnail","hentry","category-boletines"],"_links":{"self":[{"href":"https:\/\/www.vmnoticias.info\/index.php?rest_route=\/wp\/v2\/posts\/4339","targetHints":{"allow":["GET"]}}],"collection":[{"href":"https:\/\/www.vmnoticias.info\/index.php?rest_route=\/wp\/v2\/posts"}],"about":[{"href":"https:\/\/www.vmnoticias.info\/index.php?rest_route=\/wp\/v2\/types\/post"}],"author":[{"embeddable":true,"href":"https:\/\/www.vmnoticias.info\/index.php?rest_route=\/wp\/v2\/users\/1"}],"replies":[{"embeddable":true,"href":"https:\/\/www.vmnoticias.info\/index.php?rest_route=%2Fwp%2Fv2%2Fcomments&post=4339"}],"version-history":[{"count":1,"href":"https:\/\/www.vmnoticias.info\/index.php?rest_route=\/wp\/v2\/posts\/4339\/revisions"}],"predecessor-version":[{"id":4341,"href":"https:\/\/www.vmnoticias.info\/index.php?rest_route=\/wp\/v2\/posts\/4339\/revisions\/4341"}],"wp:featuredmedia":[{"embeddable":true,"href":"https:\/\/www.vmnoticias.info\/index.php?rest_route=\/wp\/v2\/media\/4340"}],"wp:attachment":[{"href":"https:\/\/www.vmnoticias.info\/index.php?rest_route=%2Fwp%2Fv2%2Fmedia&parent=4339"}],"wp:term":[{"taxonomy":"category","embeddable":true,"href":"https:\/\/www.vmnoticias.info\/index.php?rest_route=%2Fwp%2Fv2%2Fcategories&post=4339"},{"taxonomy":"post_tag","embeddable":true,"href":"https:\/\/www.vmnoticias.info\/index.php?rest_route=%2Fwp%2Fv2%2Ftags&post=4339"}],"curies":[{"name":"wp","href":"https:\/\/api.w.org\/{rel}","templated":true}]}}