{"id":4513,"date":"2024-02-17T17:57:04","date_gmt":"2024-02-17T23:57:04","guid":{"rendered":"https:\/\/www.vmnoticias.info\/?p=4513"},"modified":"2024-02-17T17:57:05","modified_gmt":"2024-02-17T23:57:05","slug":"el-alcalde-carlos-pena-esta-impulsando-la-musica-clasica-a-las-familias","status":"publish","type":"post","link":"https:\/\/www.vmnoticias.info\/?p=4513","title":{"rendered":"El alcalde Carlos Pe\u00f1a est\u00e1 impulsando la m\u00fasica cl\u00e1sica a las familias"},"content":{"rendered":"<p>Por Yani Vega<br \/>\nReynosa, Tamps.-El Gobierno de Reynosa que encabeza el Presidente Municipal, Carlos Pe\u00f1a Ortiz, en coordinaci\u00f3n con el Instituto Reynosense para la Cultura y las Artes, present\u00f3 ayer por la tarde al m\u00fasico sinaloense Francisco Bibriesca, quien es considerado uno de los \u00edconos contempor\u00e1neos de la m\u00fasica cl\u00e1sica en M\u00e9xico.<\/p>\n<p>Desde su debut internacional en 2004 en el prestigioso The Verbruggen Hall en Sydney, Australia, Bibriesca ha dejado huella en los escenarios m\u00e1s importantes del mundo como el hist\u00f3rico Kennedy Center, en Washington, D.C. Ha encantado al p\u00fablico en el majestuoso Sydney Opera House, en Australia y ha cautivado al emblem\u00e1tico Palacio de Bellas Artes, en la Ciudad de M\u00e9xico.<\/p>\n<p>Con su \u00abGira 2024\u00bb, el m\u00fasico se embarca en un viaje retrospectivo a lo largo de m\u00e1s de dos d\u00e9cadas de carrera, que abarca m\u00e1s de mil 800 conciertos y rinde con ella un homenaje a su contribuci\u00f3n al panorama cultural de su pa\u00eds con la destreza y pasi\u00f3n que lo caracterizan.<\/p>\n<p>La realizaci\u00f3n de este evento fue posible gracias al impulso de la primera autoridad municipal, quien reconoce la importancia de la cultura en la sociedad enalteciendo a la m\u00fasica cl\u00e1sica mexicana.<\/p>\n<p>#JuntosVolamosM\u00e1sAlto<br \/>\n#Reynosa<br \/>\n#Tamaulipas<\/p>\n","protected":false},"excerpt":{"rendered":"<p>Por Yani Vega Reynosa, Tamps.-El Gobierno de Reynosa que encabeza el Presidente Municipal, Carlos Pe\u00f1a Ortiz, en coordinaci\u00f3n con el Instituto Reynosense para la Cultura y las Artes, present\u00f3 ayer por la tarde al m\u00fasico sinaloense Francisco Bibriesca, quien es considerado uno de los \u00edconos contempor\u00e1neos de la m\u00fasica cl\u00e1sica en M\u00e9xico. Desde su debut [&hellip;]<\/p>\n","protected":false},"author":1,"featured_media":4514,"comment_status":"closed","ping_status":"closed","sticky":false,"template":"","format":"standard","meta":{"footnotes":""},"categories":[58],"tags":[],"class_list":["post-4513","post","type-post","status-publish","format-standard","has-post-thumbnail","hentry","category-top-"],"_links":{"self":[{"href":"https:\/\/www.vmnoticias.info\/index.php?rest_route=\/wp\/v2\/posts\/4513","targetHints":{"allow":["GET"]}}],"collection":[{"href":"https:\/\/www.vmnoticias.info\/index.php?rest_route=\/wp\/v2\/posts"}],"about":[{"href":"https:\/\/www.vmnoticias.info\/index.php?rest_route=\/wp\/v2\/types\/post"}],"author":[{"embeddable":true,"href":"https:\/\/www.vmnoticias.info\/index.php?rest_route=\/wp\/v2\/users\/1"}],"replies":[{"embeddable":true,"href":"https:\/\/www.vmnoticias.info\/index.php?rest_route=%2Fwp%2Fv2%2Fcomments&post=4513"}],"version-history":[{"count":1,"href":"https:\/\/www.vmnoticias.info\/index.php?rest_route=\/wp\/v2\/posts\/4513\/revisions"}],"predecessor-version":[{"id":4515,"href":"https:\/\/www.vmnoticias.info\/index.php?rest_route=\/wp\/v2\/posts\/4513\/revisions\/4515"}],"wp:featuredmedia":[{"embeddable":true,"href":"https:\/\/www.vmnoticias.info\/index.php?rest_route=\/wp\/v2\/media\/4514"}],"wp:attachment":[{"href":"https:\/\/www.vmnoticias.info\/index.php?rest_route=%2Fwp%2Fv2%2Fmedia&parent=4513"}],"wp:term":[{"taxonomy":"category","embeddable":true,"href":"https:\/\/www.vmnoticias.info\/index.php?rest_route=%2Fwp%2Fv2%2Fcategories&post=4513"},{"taxonomy":"post_tag","embeddable":true,"href":"https:\/\/www.vmnoticias.info\/index.php?rest_route=%2Fwp%2Fv2%2Ftags&post=4513"}],"curies":[{"name":"wp","href":"https:\/\/api.w.org\/{rel}","templated":true}]}}