{"id":4516,"date":"2024-02-17T18:00:03","date_gmt":"2024-02-18T00:00:03","guid":{"rendered":"https:\/\/www.vmnoticias.info\/?p=4516"},"modified":"2024-02-17T18:00:03","modified_gmt":"2024-02-18T00:00:03","slug":"reconoce-el-alcalde-labor-al-sector-de-la-salud","status":"publish","type":"post","link":"https:\/\/www.vmnoticias.info\/?p=4516","title":{"rendered":"Reconoce el alcalde labor al sector de la salud"},"content":{"rendered":"<p>Por Yani Vega<br \/>\nReynosa, Tamps.-<br \/>\n\u00abReconozco el esfuerzo que hacen, sabemos de su lucha, entrega y dedicaci\u00f3n. Sabemos que son uno de los pilares fundamentales dentro de nuestra sociedad\u00bb, dijo el Presidente Municipal,  Carlos Pe\u00f1a Ortiz, a M\u00e9dicos, Enfermeras y personal administrativo de la Cl\u00ednica 33 del IMSS y Hospital General de Zona N\u00famero 15.<\/p>\n<p>Porque el personal de la salud y sus pacientes son prioridad para el Gobierno de Reynosa, el Alcalde entreg\u00f3 sillas de ruedas y llev\u00f3 el Programa Municipal para la Gesti\u00f3n Integral del Agua al Instituto Mexicano del Seguro Social, IMSS.<\/p>\n<p>Aracely Garc\u00eda Hern\u00e1ndez, Directora de la cl\u00ednica 33 del IMSS, agradeci\u00f3 al Presidente Municipal el apoyo para regularizar sus recibos de agua, as\u00ed como por las sillas de ruedas que ser\u00e1n de gran utilidad para los pacientes, \u00abestamos de fiesta, todo mundo quiere saludarlo; confiamos en nuestras autoridades cuando nos dicen que algo bueno va a pasar, sea bienvenido\u00bb.<\/p>\n<p>Al presidir el evento, El Alcalde fue acompa\u00f1ado por la Secretaria de Bienestar Social Municipal, Hidilberta Vel\u00e1zquez Mendoza y por la Directora del DIF, Gabriela Rosas Blanco, adem\u00e1s participaron, el Doctor Felipe Alcal\u00e1 Espinoza, Director del Hospital de Zona N\u00famero 15; Alfonso Fuentes Hurtado, Administrador de la Cl\u00ednica 33; Gerardo Garza Contreras, Administrador del Hospital 15 y Claudia Soto Serv\u00edn, Representante del Sindicato.<\/p>\n","protected":false},"excerpt":{"rendered":"<p>Por Yani Vega Reynosa, Tamps.- \u00abReconozco el esfuerzo que hacen, sabemos de su lucha, entrega y dedicaci\u00f3n. Sabemos que son uno de los pilares fundamentales dentro de nuestra sociedad\u00bb, dijo el Presidente Municipal, Carlos Pe\u00f1a Ortiz, a M\u00e9dicos, Enfermeras y personal administrativo de la Cl\u00ednica 33 del IMSS y Hospital General de Zona N\u00famero 15. [&hellip;]<\/p>\n","protected":false},"author":1,"featured_media":4517,"comment_status":"closed","ping_status":"closed","sticky":false,"template":"","format":"standard","meta":{"footnotes":""},"categories":[58],"tags":[],"class_list":["post-4516","post","type-post","status-publish","format-standard","has-post-thumbnail","hentry","category-top-"],"_links":{"self":[{"href":"https:\/\/www.vmnoticias.info\/index.php?rest_route=\/wp\/v2\/posts\/4516","targetHints":{"allow":["GET"]}}],"collection":[{"href":"https:\/\/www.vmnoticias.info\/index.php?rest_route=\/wp\/v2\/posts"}],"about":[{"href":"https:\/\/www.vmnoticias.info\/index.php?rest_route=\/wp\/v2\/types\/post"}],"author":[{"embeddable":true,"href":"https:\/\/www.vmnoticias.info\/index.php?rest_route=\/wp\/v2\/users\/1"}],"replies":[{"embeddable":true,"href":"https:\/\/www.vmnoticias.info\/index.php?rest_route=%2Fwp%2Fv2%2Fcomments&post=4516"}],"version-history":[{"count":1,"href":"https:\/\/www.vmnoticias.info\/index.php?rest_route=\/wp\/v2\/posts\/4516\/revisions"}],"predecessor-version":[{"id":4518,"href":"https:\/\/www.vmnoticias.info\/index.php?rest_route=\/wp\/v2\/posts\/4516\/revisions\/4518"}],"wp:featuredmedia":[{"embeddable":true,"href":"https:\/\/www.vmnoticias.info\/index.php?rest_route=\/wp\/v2\/media\/4517"}],"wp:attachment":[{"href":"https:\/\/www.vmnoticias.info\/index.php?rest_route=%2Fwp%2Fv2%2Fmedia&parent=4516"}],"wp:term":[{"taxonomy":"category","embeddable":true,"href":"https:\/\/www.vmnoticias.info\/index.php?rest_route=%2Fwp%2Fv2%2Fcategories&post=4516"},{"taxonomy":"post_tag","embeddable":true,"href":"https:\/\/www.vmnoticias.info\/index.php?rest_route=%2Fwp%2Fv2%2Ftags&post=4516"}],"curies":[{"name":"wp","href":"https:\/\/api.w.org\/{rel}","templated":true}]}}