{"id":4561,"date":"2024-02-21T17:50:42","date_gmt":"2024-02-21T23:50:42","guid":{"rendered":"https:\/\/www.vmnoticias.info\/?p=4561"},"modified":"2024-02-21T18:05:19","modified_gmt":"2024-02-22T00:05:19","slug":"el-rector-damaso-anaya-sostiene-encuentro-con-universitarios-de-la-fadycs-uat","status":"publish","type":"post","link":"https:\/\/www.vmnoticias.info\/?p=4561","title":{"rendered":"El rector D\u00e1maso Anaya sostiene encuentro con universitarios de la FADYCS-UAT"},"content":{"rendered":"<p>Por Deyanira Vega<br \/>\nTampico, Tamaulipas.-<br \/>\nAl reanudar su recorrido por las dependencias acad\u00e9micas de la Universidad Aut\u00f3noma de Tamaulipas (UAT), el rector D\u00e1maso Leonardo Anaya Alvarado visit\u00f3 la Facultad de Derecho y Ciencias Sociales (FADYCS) del Campus Tampico, donde sostuvo un di\u00e1logo con los universitarios para continuar avanzando en la integraci\u00f3n del Plan de Desarrollo Institucional y seguir mejorando los programas educativos para contribuir a la transformaci\u00f3n de Tamaulipas.<br \/>\nAcompa\u00f1ado de la directora de la FADYCS, Mtra. Elda Ruth de los Reyes Villarreal, as\u00ed como de maestros y alumnos, el rector se reuni\u00f3 con docentes, coordinadores de carrera e integrantes del Consejo T\u00e9cnico, adem\u00e1s de dialogar con el personal administrativo, estudiantes y personal directivo de este plantel universitario del Campus Sur.<br \/>\nComo parte de la agenda, el rector hizo entrega de reconocimientos a ganadores del Segundo Concurso de Juicios Orales, acompa\u00f1ado por el magistrado presidente del Supremo Tribunal de Justicia del Estado de Tamaulipas, David Cerda Z\u00fa\u00f1iga.<br \/>\nDe igual manera, estuvo acompa\u00f1ado por el secretario de Turismo de Tamaulipas, Benjam\u00edn Hern\u00e1ndez Rodr\u00edguez, para la presentaci\u00f3n del proyecto de Laboratorio de Aventura y Animaci\u00f3n Tur\u00edstica (LAATUR).<br \/>\nEn su oportunidad, D\u00e1maso Anaya Alvarado dijo que el encuentro con la comunidad universitaria permite a su administraci\u00f3n conocer a fondo las necesidades y propuestas de los planteles educativos de la m\u00e1xima casa de estudios de Tamaulipas.<br \/>\nReiter\u00f3 la prioridad de contar con una universidad de calidad que forme a las nuevas generaciones a trav\u00e9s de programas educativos basados en el humanismo y el compromiso con la sociedad.<br \/>\nSubray\u00f3 tambi\u00e9n su confianza en la labor de excelencia que desempe\u00f1a el claustro docente de la UAT conformado por investigadores expertos en las distintas \u00e1reas del conocimiento y destac\u00f3 la apertura de trabajar con los diferentes sectores de la sociedad, a fin de estructurar proyectos que sean de beneficio para los estudiantes.<br \/>\nComo parte de su gira por la FADYCS, el rector D\u00e1maso Anaya Alvarado constat\u00f3 tambi\u00e9n la remodelaci\u00f3n de la Torre de Comunicaci\u00f3n; los proyectos de cuerpos acad\u00e9micos y el trabajo de investigaci\u00f3n, adem\u00e1s de programas de vinculaci\u00f3n con sectores sociales y productivos y la exposici\u00f3n de proyectos para los programas educativos que comprenden a las licenciaturas en Derecho, Ciencias de la Comunicaci\u00f3n, Psicolog\u00eda, Idioma Ingl\u00e9s, Gesti\u00f3n y Desarrollo Tur\u00edstico y la licenciatura en Econom\u00eda y Finanzas.<\/p>\n","protected":false},"excerpt":{"rendered":"<p>Por Deyanira Vega Tampico, Tamaulipas.- Al reanudar su recorrido por las dependencias acad\u00e9micas de la Universidad Aut\u00f3noma de Tamaulipas (UAT), el rector D\u00e1maso Leonardo Anaya Alvarado visit\u00f3 la Facultad de Derecho y Ciencias Sociales (FADYCS) del Campus Tampico, donde sostuvo un di\u00e1logo con los universitarios para continuar avanzando en la integraci\u00f3n del Plan de Desarrollo [&hellip;]<\/p>\n","protected":false},"author":1,"featured_media":4562,"comment_status":"closed","ping_status":"closed","sticky":false,"template":"","format":"standard","meta":{"footnotes":""},"categories":[59],"tags":[],"class_list":["post-4561","post","type-post","status-publish","format-standard","has-post-thumbnail","hentry","category-boletines"],"_links":{"self":[{"href":"https:\/\/www.vmnoticias.info\/index.php?rest_route=\/wp\/v2\/posts\/4561","targetHints":{"allow":["GET"]}}],"collection":[{"href":"https:\/\/www.vmnoticias.info\/index.php?rest_route=\/wp\/v2\/posts"}],"about":[{"href":"https:\/\/www.vmnoticias.info\/index.php?rest_route=\/wp\/v2\/types\/post"}],"author":[{"embeddable":true,"href":"https:\/\/www.vmnoticias.info\/index.php?rest_route=\/wp\/v2\/users\/1"}],"replies":[{"embeddable":true,"href":"https:\/\/www.vmnoticias.info\/index.php?rest_route=%2Fwp%2Fv2%2Fcomments&post=4561"}],"version-history":[{"count":1,"href":"https:\/\/www.vmnoticias.info\/index.php?rest_route=\/wp\/v2\/posts\/4561\/revisions"}],"predecessor-version":[{"id":4563,"href":"https:\/\/www.vmnoticias.info\/index.php?rest_route=\/wp\/v2\/posts\/4561\/revisions\/4563"}],"wp:featuredmedia":[{"embeddable":true,"href":"https:\/\/www.vmnoticias.info\/index.php?rest_route=\/wp\/v2\/media\/4562"}],"wp:attachment":[{"href":"https:\/\/www.vmnoticias.info\/index.php?rest_route=%2Fwp%2Fv2%2Fmedia&parent=4561"}],"wp:term":[{"taxonomy":"category","embeddable":true,"href":"https:\/\/www.vmnoticias.info\/index.php?rest_route=%2Fwp%2Fv2%2Fcategories&post=4561"},{"taxonomy":"post_tag","embeddable":true,"href":"https:\/\/www.vmnoticias.info\/index.php?rest_route=%2Fwp%2Fv2%2Ftags&post=4561"}],"curies":[{"name":"wp","href":"https:\/\/api.w.org\/{rel}","templated":true}]}}