{"id":4568,"date":"2024-02-21T18:13:12","date_gmt":"2024-02-22T00:13:12","guid":{"rendered":"https:\/\/www.vmnoticias.info\/?p=4568"},"modified":"2024-02-21T18:13:12","modified_gmt":"2024-02-22T00:13:12","slug":"nueva-infraestructura-escolar-del-gobierno-de-carlos-pena-ortiz-beneficia-a-la-secundaria-tecnica-93","status":"publish","type":"post","link":"https:\/\/www.vmnoticias.info\/?p=4568","title":{"rendered":"Nueva Infraestructura escolar del Gobierno de Carlos Pe\u00f1a Ortiz beneficia a la Secundaria T\u00e9cnica 93"},"content":{"rendered":"<p>Por Yani Vega<br \/>\nReynosa, Tamaulipas.-<br \/>\nUn efusivo reconocimiento manifestaron estudiantes y Maestros de la escuela secundaria t\u00e9cnica 93 al Presidente Carlos Pe\u00f1a Ortiz, en agradecimiento a la construcci\u00f3n de la techumbre de la instituci\u00f3n ubicada en el fraccionamiento San Valent\u00edn, donde la joven Fernanda Esteffany Mart\u00ednez Z\u00e1rate dio un discurso por recibir la obra.<\/p>\n<p>\u00abCon una inversi\u00f3n de $2,925,458.80 Millones de Pesos, inauguramos la construcci\u00f3n de techumbre en esta escuela secundaria\u00bb, cit\u00f3 el Alcalde de Reynosa, acompa\u00f1ado por el Director de la escuela Rodolfo Torre, Jes\u00fas \u00c1ngel Rojas Mora y por la Secretaria de Bienestar Social, Hidilberta Vel\u00e1zquez Mendoza.<\/p>\n<p>Una explicaci\u00f3n sobre la nueva infraestructura, brind\u00f3 el Secretario de Obras P\u00fablicas, Eduardo L\u00f3pez Arias, ante los cientos de alumnos que se ver\u00e1n beneficiados por la importante obra que ahora salvaguarda a los estudiantes ante las inclemencias del tiempo.<\/p>\n<p>Tambi\u00e9n participaron en la ceremonia de inauguraci\u00f3n, el Regidor Jaime Arratia Banda, el Secretario de Organizaci\u00f3n II del SNTE, Jos\u00e9 Iram Rodr\u00edguez Lim\u00f3n y el Director de Educaci\u00f3n, Jos\u00e9 Eugenio Quir\u00f3z Longoria, as\u00ed como la tesorera de los padres de familia, Sugeidy Yadira Ballesta.<\/p>\n","protected":false},"excerpt":{"rendered":"<p>Por Yani Vega Reynosa, Tamaulipas.- Un efusivo reconocimiento manifestaron estudiantes y Maestros de la escuela secundaria t\u00e9cnica 93 al Presidente Carlos Pe\u00f1a Ortiz, en agradecimiento a la construcci\u00f3n de la techumbre de la instituci\u00f3n ubicada en el fraccionamiento San Valent\u00edn, donde la joven Fernanda Esteffany Mart\u00ednez Z\u00e1rate dio un discurso por recibir la obra. \u00abCon [&hellip;]<\/p>\n","protected":false},"author":1,"featured_media":4569,"comment_status":"closed","ping_status":"closed","sticky":false,"template":"","format":"standard","meta":{"footnotes":""},"categories":[58],"tags":[],"class_list":["post-4568","post","type-post","status-publish","format-standard","has-post-thumbnail","hentry","category-top-"],"_links":{"self":[{"href":"https:\/\/www.vmnoticias.info\/index.php?rest_route=\/wp\/v2\/posts\/4568","targetHints":{"allow":["GET"]}}],"collection":[{"href":"https:\/\/www.vmnoticias.info\/index.php?rest_route=\/wp\/v2\/posts"}],"about":[{"href":"https:\/\/www.vmnoticias.info\/index.php?rest_route=\/wp\/v2\/types\/post"}],"author":[{"embeddable":true,"href":"https:\/\/www.vmnoticias.info\/index.php?rest_route=\/wp\/v2\/users\/1"}],"replies":[{"embeddable":true,"href":"https:\/\/www.vmnoticias.info\/index.php?rest_route=%2Fwp%2Fv2%2Fcomments&post=4568"}],"version-history":[{"count":1,"href":"https:\/\/www.vmnoticias.info\/index.php?rest_route=\/wp\/v2\/posts\/4568\/revisions"}],"predecessor-version":[{"id":4570,"href":"https:\/\/www.vmnoticias.info\/index.php?rest_route=\/wp\/v2\/posts\/4568\/revisions\/4570"}],"wp:featuredmedia":[{"embeddable":true,"href":"https:\/\/www.vmnoticias.info\/index.php?rest_route=\/wp\/v2\/media\/4569"}],"wp:attachment":[{"href":"https:\/\/www.vmnoticias.info\/index.php?rest_route=%2Fwp%2Fv2%2Fmedia&parent=4568"}],"wp:term":[{"taxonomy":"category","embeddable":true,"href":"https:\/\/www.vmnoticias.info\/index.php?rest_route=%2Fwp%2Fv2%2Fcategories&post=4568"},{"taxonomy":"post_tag","embeddable":true,"href":"https:\/\/www.vmnoticias.info\/index.php?rest_route=%2Fwp%2Fv2%2Ftags&post=4568"}],"curies":[{"name":"wp","href":"https:\/\/api.w.org\/{rel}","templated":true}]}}