{"id":4674,"date":"2024-03-10T10:51:11","date_gmt":"2024-03-10T15:51:11","guid":{"rendered":"https:\/\/www.vmnoticias.info\/?p=4674"},"modified":"2024-04-04T01:31:31","modified_gmt":"2024-04-04T06:31:31","slug":"presentacion-del-ballet-folclorico-infantil-mitoteliztli","status":"publish","type":"post","link":"https:\/\/www.vmnoticias.info\/?p=4674","title":{"rendered":"Presenta IRCA  al Ballet Folcl\u00f3rico Infantil Mitoteliztli"},"content":{"rendered":"<p>Por Yani Vega<br \/>\nReynosa, Tamaulipas.-<br \/>\nLa danza folcl\u00f3rica mexicana es una de las disciplinas art\u00edsticas con mayor proyecci\u00f3n internacional, destacando no solo por sus coloridos vestuarios, sino tambi\u00e9n por las historias que se narran a trav\u00e9s de cada coreograf\u00eda.<\/p>\n<p>Con el prop\u00f3sito de transmitir esta rica tradici\u00f3n a las generaciones m\u00e1s j\u00f3venes, el Instituto Reynosense para la Cultura y las Artes ofrece un taller dedicado a esta expresi\u00f3n cultural dentro de su programa educativo.<\/p>\n<p>A fin de mostrar los progresos alcanzados durante este per\u00edodo de instrucci\u00f3n art\u00edstica, los estudiantes del maestro Agust\u00edn Alejandro Mart\u00ednez ofrecieron una breve presentaci\u00f3n en la plaza Trevi\u00f1o Zapata, ante un p\u00fablico compuesto principalmente por padres de familia, quienes los respaldaron con sus aplausos.<\/p>\n<p>Como parte destacada del programa, se present\u00f3 por primera vez el Ballet Folcl\u00f3rico Infantil Mitoteliztli, conformado por los alumnos m\u00e1s avanzados de este taller. Durante la presentaci\u00f3n, se interpretaron cuadros representativos como \u00abJalisco\u00bb, \u00abFandango\u00bb y \u00abCalabaceado\u00bb, demostrando en todo momento el entusiasmo que los caracteriza.<\/p>\n","protected":false},"excerpt":{"rendered":"<p>Por Yani Vega Reynosa, Tamaulipas.- La danza folcl\u00f3rica mexicana es una de las disciplinas art\u00edsticas con mayor proyecci\u00f3n internacional, destacando no solo por sus coloridos vestuarios, sino tambi\u00e9n por las historias que se narran a trav\u00e9s de cada coreograf\u00eda. Con el prop\u00f3sito de transmitir esta rica tradici\u00f3n a las generaciones m\u00e1s j\u00f3venes, el Instituto Reynosense [&hellip;]<\/p>\n","protected":false},"author":1,"featured_media":4676,"comment_status":"closed","ping_status":"closed","sticky":false,"template":"","format":"standard","meta":{"footnotes":""},"categories":[58],"tags":[],"class_list":["post-4674","post","type-post","status-publish","format-standard","has-post-thumbnail","hentry","category-top-"],"_links":{"self":[{"href":"https:\/\/www.vmnoticias.info\/index.php?rest_route=\/wp\/v2\/posts\/4674","targetHints":{"allow":["GET"]}}],"collection":[{"href":"https:\/\/www.vmnoticias.info\/index.php?rest_route=\/wp\/v2\/posts"}],"about":[{"href":"https:\/\/www.vmnoticias.info\/index.php?rest_route=\/wp\/v2\/types\/post"}],"author":[{"embeddable":true,"href":"https:\/\/www.vmnoticias.info\/index.php?rest_route=\/wp\/v2\/users\/1"}],"replies":[{"embeddable":true,"href":"https:\/\/www.vmnoticias.info\/index.php?rest_route=%2Fwp%2Fv2%2Fcomments&post=4674"}],"version-history":[{"count":2,"href":"https:\/\/www.vmnoticias.info\/index.php?rest_route=\/wp\/v2\/posts\/4674\/revisions"}],"predecessor-version":[{"id":4809,"href":"https:\/\/www.vmnoticias.info\/index.php?rest_route=\/wp\/v2\/posts\/4674\/revisions\/4809"}],"wp:featuredmedia":[{"embeddable":true,"href":"https:\/\/www.vmnoticias.info\/index.php?rest_route=\/wp\/v2\/media\/4676"}],"wp:attachment":[{"href":"https:\/\/www.vmnoticias.info\/index.php?rest_route=%2Fwp%2Fv2%2Fmedia&parent=4674"}],"wp:term":[{"taxonomy":"category","embeddable":true,"href":"https:\/\/www.vmnoticias.info\/index.php?rest_route=%2Fwp%2Fv2%2Fcategories&post=4674"},{"taxonomy":"post_tag","embeddable":true,"href":"https:\/\/www.vmnoticias.info\/index.php?rest_route=%2Fwp%2Fv2%2Ftags&post=4674"}],"curies":[{"name":"wp","href":"https:\/\/api.w.org\/{rel}","templated":true}]}}