{"id":63,"date":"2021-04-29T20:03:52","date_gmt":"2021-04-29T20:03:52","guid":{"rendered":"https:\/\/www.vmnoticias.info\/?p=63"},"modified":"2021-05-03T01:47:14","modified_gmt":"2021-05-03T01:47:14","slug":"esperan-comerciantes-repunte-en-ventas-por-dia-del-nino","status":"publish","type":"post","link":"https:\/\/www.vmnoticias.info\/?p=63","title":{"rendered":"Esperan comerciantes repunte en ventas por D\u00eda del Ni\u00f1o"},"content":{"rendered":"<p>&nbsp;<\/p>\n<p>Por Yani Vega Mar\u00edn<\/p>\n<p>Reynosa, Tamaulipas.- El comercio organizado de esta frontera est\u00e1 implementando la \u201cSemana\u00a0 de la Reactivaci\u00f3n Econ\u00f3mica\u201d con motivo del D\u00eda del Ni\u00f1o, donde se estar\u00e1n ofertando productos alusivo a este festejo, inform\u00f3 el presidente de la C\u00e1mara de Comercio en Reynosa, Roberto Cruz Hern\u00e1ndez.<\/p>\n<p>Adicionalmente a esto, el d\u00eda domingo (2 mayo) realizar\u00e1n un \u201cExpo C\u00f3mic y Juguetes\u201d que se llevar\u00e1 a cabo en el sal\u00f3n de eventos de la C\u00e1mara de Comercio ubicado en el retorno 7 del Fraccionamiento Los Virreyes (al lado de Soriana Ribere\u00f1a), por lo que se extiende la invitaci\u00f3n a las familias que quieran pasar un rato de esparcimiento, y agreg\u00f3 que se estar\u00e1 cumpliendo con todos los protocolos sanitarios.<\/p>\n<p>\u201cEl motivo de todo esto es la reactivaci\u00f3n econ\u00f3mica por parte de los comercios que tienen alg\u00fan producto alusivo a los juguetes antiguos, a los c\u00f3mics, para que bueno ellos puedan exhibir, vender, y bueno, las familias puedan aprovechar y disfrutar un d\u00eda en familia en un evento diferente a lo que normalmente estamos acostumbrados\u201d.<\/p>\n<p>Se espera para estos d\u00edas, un aumento del 30% en sus ventas con motivo del d\u00eda del ni\u00f1o, y a partir del 3 de mayo implementar\u00e1n una campa\u00f1a similar para ofertar productos y servicios \u00a0con motivo del D\u00eda de las Madres.<\/p>\n","protected":false},"excerpt":{"rendered":"<p>&nbsp; Por Yani Vega Mar\u00edn Reynosa, Tamaulipas.- El comercio organizado de esta frontera est\u00e1 implementando la \u201cSemana\u00a0 de la Reactivaci\u00f3n Econ\u00f3mica\u201d con motivo del D\u00eda del Ni\u00f1o, donde se estar\u00e1n ofertando productos alusivo a este festejo, inform\u00f3 el presidente de la C\u00e1mara de Comercio en Reynosa, Roberto Cruz Hern\u00e1ndez. Adicionalmente a esto, el d\u00eda domingo [&hellip;]<\/p>\n","protected":false},"author":1,"featured_media":64,"comment_status":"open","ping_status":"open","sticky":false,"template":"","format":"standard","meta":{"footnotes":""},"categories":[45],"tags":[],"class_list":["post-63","post","type-post","status-publish","format-standard","has-post-thumbnail","hentry","category-importante"],"_links":{"self":[{"href":"https:\/\/www.vmnoticias.info\/index.php?rest_route=\/wp\/v2\/posts\/63","targetHints":{"allow":["GET"]}}],"collection":[{"href":"https:\/\/www.vmnoticias.info\/index.php?rest_route=\/wp\/v2\/posts"}],"about":[{"href":"https:\/\/www.vmnoticias.info\/index.php?rest_route=\/wp\/v2\/types\/post"}],"author":[{"embeddable":true,"href":"https:\/\/www.vmnoticias.info\/index.php?rest_route=\/wp\/v2\/users\/1"}],"replies":[{"embeddable":true,"href":"https:\/\/www.vmnoticias.info\/index.php?rest_route=%2Fwp%2Fv2%2Fcomments&post=63"}],"version-history":[{"count":0,"href":"https:\/\/www.vmnoticias.info\/index.php?rest_route=\/wp\/v2\/posts\/63\/revisions"}],"wp:featuredmedia":[{"embeddable":true,"href":"https:\/\/www.vmnoticias.info\/index.php?rest_route=\/wp\/v2\/media\/64"}],"wp:attachment":[{"href":"https:\/\/www.vmnoticias.info\/index.php?rest_route=%2Fwp%2Fv2%2Fmedia&parent=63"}],"wp:term":[{"taxonomy":"category","embeddable":true,"href":"https:\/\/www.vmnoticias.info\/index.php?rest_route=%2Fwp%2Fv2%2Fcategories&post=63"},{"taxonomy":"post_tag","embeddable":true,"href":"https:\/\/www.vmnoticias.info\/index.php?rest_route=%2Fwp%2Fv2%2Ftags&post=63"}],"curies":[{"name":"wp","href":"https:\/\/api.w.org\/{rel}","templated":true}]}}