{"id":634,"date":"2021-08-24T18:08:49","date_gmt":"2021-08-24T23:08:49","guid":{"rendered":"https:\/\/www.vmnoticias.info\/?p=634"},"modified":"2021-08-24T18:08:49","modified_gmt":"2021-08-24T23:08:49","slug":"escuelas-privadas-las-mas-interesadas-en-regresar-a-las-aulas","status":"publish","type":"post","link":"https:\/\/www.vmnoticias.info\/?p=634","title":{"rendered":"Escuelas privadas las m\u00e1s interesadas en regresar a las aulas"},"content":{"rendered":"<p>Por Yani Vega Mar\u00edn<\/p>\n<p><img loading=\"lazy\" decoding=\"async\" class=\"alignleft size-full wp-image-635\" src=\"http:\/\/www.vmnoticias.info\/wp-content\/uploads\/2021\/08\/ESCUELAS-24-AGOSTO-2021.jpg\" alt=\"\" width=\"720\" height=\"471\" srcset=\"https:\/\/www.vmnoticias.info\/wp-content\/uploads\/2021\/08\/ESCUELAS-24-AGOSTO-2021.jpg 720w, https:\/\/www.vmnoticias.info\/wp-content\/uploads\/2021\/08\/ESCUELAS-24-AGOSTO-2021-300x196.jpg 300w\" sizes=\"auto, (max-width: 720px) 100vw, 720px\" \/><\/p>\n<p>Reynosa, Tamaulipas.- El d\u00eda 20 de agosto la SET public\u00f3 la convocatoria para el regreso presencial para aquellos municipios en fase 1, tomado como referencia el acuerdo gubernamental vigente.<\/p>\n<p>Dicha convocatoria est\u00e1 dirigida tanto a escuelas p\u00fablicas como privadas, y ser\u00e1 de participaci\u00f3n voluntaria para las escuelas de nivel primaria y secundaria que pertenezcan a \u00e1reas rurales o urbanas de los municipios en fase 1, donde se incluye Reynosa y otros municipios.<\/p>\n<p>Al respecto, la Subsecretar\u00eda de Educaci\u00f3n B\u00e1sica en Tamaulipas, Magdalena Moreno Ortiz,\u00a0inform\u00f3 que las solicitudes que se han recibido al corte del d\u00eda de hoy martes son de 125 solicitudes de todo el Estado, de las cuales 119 son de escuelas privadas y 6 de escuelas p\u00fablicas.<\/p>\n<p>La convocatoria se cierra este mi\u00e9rcoles 25 de agosto, y el d\u00eda jueves se estar\u00e1 notificando a las escuelas que fueron dictaminadas de manera positiva, \u201cvan a estar recibiendo su dictamen v\u00eda correo electr\u00f3nico de parte de la secretar\u00eda de educaci\u00f3n en Tamaulipas\u201d.<\/p>\n","protected":false},"excerpt":{"rendered":"<p>Por Yani Vega Mar\u00edn Reynosa, Tamaulipas.- El d\u00eda 20 de agosto la SET public\u00f3 la convocatoria para el regreso presencial para aquellos municipios en fase 1, tomado como referencia el acuerdo gubernamental vigente. Dicha convocatoria est\u00e1 dirigida tanto a escuelas p\u00fablicas como privadas, y ser\u00e1 de participaci\u00f3n voluntaria para las escuelas de nivel primaria y [&hellip;]<\/p>\n","protected":false},"author":1,"featured_media":0,"comment_status":"open","ping_status":"open","sticky":false,"template":"","format":"standard","meta":{"footnotes":""},"categories":[45],"tags":[],"class_list":["post-634","post","type-post","status-publish","format-standard","hentry","category-importante"],"_links":{"self":[{"href":"https:\/\/www.vmnoticias.info\/index.php?rest_route=\/wp\/v2\/posts\/634","targetHints":{"allow":["GET"]}}],"collection":[{"href":"https:\/\/www.vmnoticias.info\/index.php?rest_route=\/wp\/v2\/posts"}],"about":[{"href":"https:\/\/www.vmnoticias.info\/index.php?rest_route=\/wp\/v2\/types\/post"}],"author":[{"embeddable":true,"href":"https:\/\/www.vmnoticias.info\/index.php?rest_route=\/wp\/v2\/users\/1"}],"replies":[{"embeddable":true,"href":"https:\/\/www.vmnoticias.info\/index.php?rest_route=%2Fwp%2Fv2%2Fcomments&post=634"}],"version-history":[{"count":0,"href":"https:\/\/www.vmnoticias.info\/index.php?rest_route=\/wp\/v2\/posts\/634\/revisions"}],"wp:attachment":[{"href":"https:\/\/www.vmnoticias.info\/index.php?rest_route=%2Fwp%2Fv2%2Fmedia&parent=634"}],"wp:term":[{"taxonomy":"category","embeddable":true,"href":"https:\/\/www.vmnoticias.info\/index.php?rest_route=%2Fwp%2Fv2%2Fcategories&post=634"},{"taxonomy":"post_tag","embeddable":true,"href":"https:\/\/www.vmnoticias.info\/index.php?rest_route=%2Fwp%2Fv2%2Ftags&post=634"}],"curies":[{"name":"wp","href":"https:\/\/api.w.org\/{rel}","templated":true}]}}