{"id":640,"date":"2021-08-24T18:11:54","date_gmt":"2021-08-24T23:11:54","guid":{"rendered":"https:\/\/www.vmnoticias.info\/?p=640"},"modified":"2021-08-24T18:11:54","modified_gmt":"2021-08-24T23:11:54","slug":"espera-canaco-bajas-ventas-por-el-regreso-a-clases","status":"publish","type":"post","link":"https:\/\/www.vmnoticias.info\/?p=640","title":{"rendered":"Espera Canaco bajas ventas por el regreso a clases"},"content":{"rendered":"<p>Por Yani Vega Mar\u00edn<\/p>\n<p>Reynosa, Tamaulipas.- El presidente de la C\u00e1mara de Comercio en Reynosa, Roberto Cruz Hern\u00e1ndez, no espera gran respuesta de los consumidores en este pr\u00f3ximo\u00a0 regreso a clases debido a que en su mayor\u00eda, se continuar\u00e1 con la modalidad de las clases a distancia debido a la pandemia.<\/p>\n<p><img loading=\"lazy\" decoding=\"async\" class=\"alignleft size-full wp-image-641\" src=\"http:\/\/www.vmnoticias.info\/wp-content\/uploads\/2021\/08\/CANACO-24-AGOSTO-2021.jpg\" alt=\"\" width=\"426\" height=\"373\" srcset=\"https:\/\/www.vmnoticias.info\/wp-content\/uploads\/2021\/08\/CANACO-24-AGOSTO-2021.jpg 426w, https:\/\/www.vmnoticias.info\/wp-content\/uploads\/2021\/08\/CANACO-24-AGOSTO-2021-300x263.jpg 300w\" sizes=\"auto, (max-width: 426px) 100vw, 426px\" \/><\/p>\n<p>Por lo que han sido pocos los padres de familia que han solicitado los Vales econ\u00f3micos que est\u00e1 entregando el Ayuntamiento de Reynosa, que para este a\u00f1o cuenta con una bolsa de 1 mill\u00f3n de pesos.<\/p>\n<p>\u201cAh\u00ed va poco a poco, las familias que se est\u00e1n dando cuenta est\u00e1n acudiendo a solicitar sus vales que el municipio est\u00e1 disponiendo para las familias de los estudiantes, y bueno, poco a poco se ha ido incrementando\u201d.<\/p>\n<p>Se espera que al acercase la fecha del regreso a clases, las ventas puedan aumentar y aumente la solicitud de los Vales. Para esta edici\u00f3n est\u00e1n participando 50 empresas que ofertan art\u00edculos escolares.<\/p>\n<p>Para obtener el Vale de 100.00 Pesos, uno por cada estudiante, los interesados deben acceder al sitio: https:\/\/www.reynosa.gob.mx\/Local\/Convocatorias\/Participante donde encontrar\u00e1n los sencillos requisitos para recibir el beneficio que otorga el\u00a0 Ayuntamiento. Esto ser\u00e1 hasta el 31 de agosto.<\/p>\n","protected":false},"excerpt":{"rendered":"<p>Por Yani Vega Mar\u00edn Reynosa, Tamaulipas.- El presidente de la C\u00e1mara de Comercio en Reynosa, Roberto Cruz Hern\u00e1ndez, no espera gran respuesta de los consumidores en este pr\u00f3ximo\u00a0 regreso a clases debido a que en su mayor\u00eda, se continuar\u00e1 con la modalidad de las clases a distancia debido a la pandemia. Por lo que han [&hellip;]<\/p>\n","protected":false},"author":1,"featured_media":0,"comment_status":"open","ping_status":"open","sticky":false,"template":"","format":"standard","meta":{"footnotes":""},"categories":[45],"tags":[],"class_list":["post-640","post","type-post","status-publish","format-standard","hentry","category-importante"],"_links":{"self":[{"href":"https:\/\/www.vmnoticias.info\/index.php?rest_route=\/wp\/v2\/posts\/640","targetHints":{"allow":["GET"]}}],"collection":[{"href":"https:\/\/www.vmnoticias.info\/index.php?rest_route=\/wp\/v2\/posts"}],"about":[{"href":"https:\/\/www.vmnoticias.info\/index.php?rest_route=\/wp\/v2\/types\/post"}],"author":[{"embeddable":true,"href":"https:\/\/www.vmnoticias.info\/index.php?rest_route=\/wp\/v2\/users\/1"}],"replies":[{"embeddable":true,"href":"https:\/\/www.vmnoticias.info\/index.php?rest_route=%2Fwp%2Fv2%2Fcomments&post=640"}],"version-history":[{"count":0,"href":"https:\/\/www.vmnoticias.info\/index.php?rest_route=\/wp\/v2\/posts\/640\/revisions"}],"wp:attachment":[{"href":"https:\/\/www.vmnoticias.info\/index.php?rest_route=%2Fwp%2Fv2%2Fmedia&parent=640"}],"wp:term":[{"taxonomy":"category","embeddable":true,"href":"https:\/\/www.vmnoticias.info\/index.php?rest_route=%2Fwp%2Fv2%2Fcategories&post=640"},{"taxonomy":"post_tag","embeddable":true,"href":"https:\/\/www.vmnoticias.info\/index.php?rest_route=%2Fwp%2Fv2%2Ftags&post=640"}],"curies":[{"name":"wp","href":"https:\/\/api.w.org\/{rel}","templated":true}]}}