{"id":6921,"date":"2025-02-20T10:49:00","date_gmt":"2025-02-20T16:49:00","guid":{"rendered":"https:\/\/www.vmnoticias.info\/?p=6921"},"modified":"2025-02-21T10:50:53","modified_gmt":"2025-02-21T16:50:53","slug":"inauguro-carlos-pena-ortiz-expo-cuspide-mx-2025","status":"publish","type":"post","link":"https:\/\/www.vmnoticias.info\/?p=6921","title":{"rendered":"Inaugur\u00f3 Carlos Pe\u00f1a Ortiz Expo C\u00faspide Mx 2025"},"content":{"rendered":"<p> &#8211; el Alcalde cort\u00f3 el list\u00f3n inaugural con los organizadores Oz Valadez y Jos\u00e9 Fidel Duran Sol\u00eds. <\/p>\n<p>Por Yani Vega<br \/>\nReynosa, Tamaulipas.-El Presidente Carlos Pe\u00f1a Ortiz cort\u00f3 el liston inaugural en Reynosa, de la Expo C\u00faspide 2025, un evento que re\u00fane a los mejores exponentes del emprendimiento, los negocios y el marketing, quienes comparten sus conocimientos y experiencias para seguir impulsando el crecimiento econ\u00f3mico de nuestra ciudad.<\/p>\n<p>\u00abEsta Expo representa mucho para Reynosa porque nos ayuda a que el mundo empresarial tenga un impacto positivo en la comunidad reynosense\u00bb, expres\u00f3 el Alcalde junto a los organizadores Oz Valadez y Jos\u00e9 Fidel Duran Sol\u00eds. <\/p>\n<p>En representaci\u00f3n de Grupo Burgos Empresarial asisti\u00f3 Alejandro De la Rosa; la conferencista Ana Pau Llernas y los talentos invitados Jiapsi Ya\u00f1ez y Rafa Rojas. El evento fue inaugurado este jueves 20 de febrero y clausura hoy viernes 21. <\/p>\n","protected":false},"excerpt":{"rendered":"<p>&#8211; el Alcalde cort\u00f3 el list\u00f3n inaugural con los organizadores Oz Valadez y Jos\u00e9 Fidel Duran Sol\u00eds. Por Yani Vega Reynosa, Tamaulipas.-El Presidente Carlos Pe\u00f1a Ortiz cort\u00f3 el liston inaugural en Reynosa, de la Expo C\u00faspide 2025, un evento que re\u00fane a los mejores exponentes del emprendimiento, los negocios y el marketing, quienes comparten sus [&hellip;]<\/p>\n","protected":false},"author":1,"featured_media":6922,"comment_status":"closed","ping_status":"closed","sticky":false,"template":"","format":"standard","meta":{"footnotes":""},"categories":[58],"tags":[],"class_list":["post-6921","post","type-post","status-publish","format-standard","has-post-thumbnail","hentry","category-top-"],"_links":{"self":[{"href":"https:\/\/www.vmnoticias.info\/index.php?rest_route=\/wp\/v2\/posts\/6921","targetHints":{"allow":["GET"]}}],"collection":[{"href":"https:\/\/www.vmnoticias.info\/index.php?rest_route=\/wp\/v2\/posts"}],"about":[{"href":"https:\/\/www.vmnoticias.info\/index.php?rest_route=\/wp\/v2\/types\/post"}],"author":[{"embeddable":true,"href":"https:\/\/www.vmnoticias.info\/index.php?rest_route=\/wp\/v2\/users\/1"}],"replies":[{"embeddable":true,"href":"https:\/\/www.vmnoticias.info\/index.php?rest_route=%2Fwp%2Fv2%2Fcomments&post=6921"}],"version-history":[{"count":1,"href":"https:\/\/www.vmnoticias.info\/index.php?rest_route=\/wp\/v2\/posts\/6921\/revisions"}],"predecessor-version":[{"id":6923,"href":"https:\/\/www.vmnoticias.info\/index.php?rest_route=\/wp\/v2\/posts\/6921\/revisions\/6923"}],"wp:featuredmedia":[{"embeddable":true,"href":"https:\/\/www.vmnoticias.info\/index.php?rest_route=\/wp\/v2\/media\/6922"}],"wp:attachment":[{"href":"https:\/\/www.vmnoticias.info\/index.php?rest_route=%2Fwp%2Fv2%2Fmedia&parent=6921"}],"wp:term":[{"taxonomy":"category","embeddable":true,"href":"https:\/\/www.vmnoticias.info\/index.php?rest_route=%2Fwp%2Fv2%2Fcategories&post=6921"},{"taxonomy":"post_tag","embeddable":true,"href":"https:\/\/www.vmnoticias.info\/index.php?rest_route=%2Fwp%2Fv2%2Ftags&post=6921"}],"curies":[{"name":"wp","href":"https:\/\/api.w.org\/{rel}","templated":true}]}}