{"id":6925,"date":"2025-02-21T19:49:13","date_gmt":"2025-02-22T01:49:13","guid":{"rendered":"https:\/\/www.vmnoticias.info\/?p=6925"},"modified":"2025-02-22T11:20:00","modified_gmt":"2025-02-22T17:20:00","slug":"presenta-carlos-pena-ortiz-exitosos-programas-sociales-en-el-encuentro-nacional-municipal-de-aalmac","status":"publish","type":"post","link":"https:\/\/www.vmnoticias.info\/?p=6925","title":{"rendered":"Presenta Carlos Pe\u00f1a Ortiz exitosos programas sociales en el Encuentro Nacional Municipal de AALMAC"},"content":{"rendered":"\n<p>Por Yani Vega <\/p>\n\n\n\n<p>Reynosa, Tamaulipas.-El Alcalde de Reynosa, Carlos Pe\u00f1a Ortiz, en su calidad de Vicepresidente de la Asociaci\u00f3n de Autoridades Locales Municipales A. C., fue convocado a la XXVI Asamblea Nacional Ordinaria, en la que rindi\u00f3 protesta la Mesa Directiva 2025, presidida por Alma DenisseS\u00e1nchez Barrag\u00e1n. <img loading=\"lazy\" decoding=\"async\" width=\"150\" height=\"100\" class=\"wp-image-6926\" style=\"width: 150px;\" src=\"http:\/\/www.vmnoticias.info\/wp-content\/uploads\/2025\/02\/IMG-20250221-WA0190.jpg\" alt=\"\" srcset=\"https:\/\/www.vmnoticias.info\/wp-content\/uploads\/2025\/02\/IMG-20250221-WA0190.jpg 1080w, https:\/\/www.vmnoticias.info\/wp-content\/uploads\/2025\/02\/IMG-20250221-WA0190-450x300.jpg 450w, https:\/\/www.vmnoticias.info\/wp-content\/uploads\/2025\/02\/IMG-20250221-WA0190-650x433.jpg 650w, https:\/\/www.vmnoticias.info\/wp-content\/uploads\/2025\/02\/IMG-20250221-WA0190-768x512.jpg 768w\" sizes=\"auto, (max-width: 150px) 100vw, 150px\" \/><\/p>\n\n\n\n<p>Previo al evento protocolario en un intercambio de ideas con la nueva Presidenta y otros Alcaldes, el Presidente Municipal de Reynosa habl\u00f3 de los programas sociales con los que se mejora la calidad de vida de la poblaci\u00f3n. Destac\u00f3 el subsidio para el pago de adeudo por agua potable en sectores marginados, despensas y el programa de becas que en el a\u00f1o 2024 aport\u00f3 160 millones de pesos para alumnos desde preescolar hasta universidad, y titulaci\u00f3n profesional. <\/p>\n\n\n\n<p>La toma de protesta de la nueva directiva estuvo a cargo del Coordinador del Instituto Nacional para el Federalismo y el Desarrollo Municipal, INAFED, Armando Quintero Mart\u00ednez, quien destac\u00f3 el inter\u00e9s de la Presidenta Claudia Sheinbaum en coordinaci\u00f3n con autoridades locales para impulsar, entre otros, los programas relativos a la seguridad, econom\u00eda, desarrollo social y medio ambiente. <\/p>\n","protected":false},"excerpt":{"rendered":"<p>Por Yani Vega Reynosa, Tamaulipas.-El Alcalde de Reynosa, Carlos Pe\u00f1a Ortiz, en su calidad de Vicepresidente de la Asociaci\u00f3n de Autoridades Locales Municipales A. C., fue convocado a la XXVI Asamblea Nacional Ordinaria, en la que rindi\u00f3 protesta la Mesa Directiva 2025, presidida por Alma DenisseS\u00e1nchez Barrag\u00e1n. Previo al evento protocolario en un intercambio de [&hellip;]<\/p>\n","protected":false},"author":1,"featured_media":6931,"comment_status":"closed","ping_status":"closed","sticky":false,"template":"","format":"standard","meta":{"footnotes":""},"categories":[58],"tags":[],"class_list":["post-6925","post","type-post","status-publish","format-standard","has-post-thumbnail","hentry","category-top-"],"_links":{"self":[{"href":"https:\/\/www.vmnoticias.info\/index.php?rest_route=\/wp\/v2\/posts\/6925","targetHints":{"allow":["GET"]}}],"collection":[{"href":"https:\/\/www.vmnoticias.info\/index.php?rest_route=\/wp\/v2\/posts"}],"about":[{"href":"https:\/\/www.vmnoticias.info\/index.php?rest_route=\/wp\/v2\/types\/post"}],"author":[{"embeddable":true,"href":"https:\/\/www.vmnoticias.info\/index.php?rest_route=\/wp\/v2\/users\/1"}],"replies":[{"embeddable":true,"href":"https:\/\/www.vmnoticias.info\/index.php?rest_route=%2Fwp%2Fv2%2Fcomments&post=6925"}],"version-history":[{"count":1,"href":"https:\/\/www.vmnoticias.info\/index.php?rest_route=\/wp\/v2\/posts\/6925\/revisions"}],"predecessor-version":[{"id":6927,"href":"https:\/\/www.vmnoticias.info\/index.php?rest_route=\/wp\/v2\/posts\/6925\/revisions\/6927"}],"wp:featuredmedia":[{"embeddable":true,"href":"https:\/\/www.vmnoticias.info\/index.php?rest_route=\/wp\/v2\/media\/6931"}],"wp:attachment":[{"href":"https:\/\/www.vmnoticias.info\/index.php?rest_route=%2Fwp%2Fv2%2Fmedia&parent=6925"}],"wp:term":[{"taxonomy":"category","embeddable":true,"href":"https:\/\/www.vmnoticias.info\/index.php?rest_route=%2Fwp%2Fv2%2Fcategories&post=6925"},{"taxonomy":"post_tag","embeddable":true,"href":"https:\/\/www.vmnoticias.info\/index.php?rest_route=%2Fwp%2Fv2%2Ftags&post=6925"}],"curies":[{"name":"wp","href":"https:\/\/api.w.org\/{rel}","templated":true}]}}