{"id":7128,"date":"2025-02-24T16:53:26","date_gmt":"2025-02-24T22:53:26","guid":{"rendered":"https:\/\/www.vmnoticias.info\/?p=7128"},"modified":"2025-02-24T16:53:27","modified_gmt":"2025-02-24T22:53:27","slug":"arranca-gobierno-de-tamaulipas-academia-social-de-valores","status":"publish","type":"post","link":"https:\/\/www.vmnoticias.info\/?p=7128","title":{"rendered":"Arranca Gobierno de Tamaulipas Academia Social de Valores"},"content":{"rendered":"<p>Ciudad Victoria, Tamaulipas.- Con el compromiso del gobernador Am\u00e9rico Villarreal Anaya de fortalecer los valores c\u00edvicos y \u00e9ticos en la ni\u00f1ez tamaulipeca, la Secretar\u00eda de Bienestar Social, encabezada por Silvia Casas Gonz\u00e1lez, dio inicio a la estrategia Academia Social de Valores y jornadas c\u00edvicas.<\/p>\n<p>Esta estrategia impactar\u00e1 a m\u00e1s de 31 escuelas primarias de Ciudad Victoria, brindando actividades c\u00edvicas, deportivas, de lectura, salud, protecci\u00f3n civil, de cuidado al medio ambiente, art\u00edsticas, culturales, entre muchas otras.<\/p>\n<p>La Academia Social de Valores busca acercar al Gobierno del Estado al segmento de la ni\u00f1ez, una etapa fundamental para la formaci\u00f3n de valores y la disciplina. A trav\u00e9s del estudio, el deporte y las actividades extraescolares, se refuerzan los pilares de una sociedad m\u00e1s justa y solidaria.<\/p>\n<p>Esta estrategia se implementar\u00e1 en escuelas de zonas con rezago social, acercando a las y los estudiantes a este proceso para la formaci\u00f3n y refuerzo de valores, la cual inicia el 24 de febrero y termina el 19 de diciembre de 2025.<\/p>\n<p>ACTIVIDADES Y DEPENDENCIAS PARTICIPANTES<\/p>\n<p>El Sistema DIF Tamaulipas llevar\u00e1 a cabo talleres sobre bondad y paz, empat\u00eda y solidaridad, equidad y honradez. La Secretar\u00eda de Desarrollo Urbano y Medio Ambiente organizar\u00e1 actividades sobre separaci\u00f3n de residuos, marat\u00f3n infantil y la campa\u00f1a \u00abVamos a cuidar el agua\u00bb.<\/p>\n<p>La Secretar\u00eda de Salud impartir\u00e1 acciones relacionadas con la t\u00e9cnica de higiene de manos, etiquetado y clasificaci\u00f3n de los alimentos, \u00abpapa caliente de valores\u00bb, snack saludable, cuidado de la pelota y agudeza visual, mientras que la Coordinaci\u00f3n Estatal de Protecci\u00f3n Civil del Estado instruir\u00e1 en temas como mochila de emergencia, evacuaci\u00f3n del aula y unidades de emergencia.<\/p>\n<p>Por su parte, la Coordinaci\u00f3n de Formaci\u00f3n y Capacitaci\u00f3n de la SEBIEN brindar\u00e1 c\u00e1psulas informativas dirigidas a tutores, madres, padres de familia, cuidadores y docentes. La Subsecretar\u00eda de Derechos Humanos y Articulaci\u00f3n Social desarrollar\u00e1 actividades como la loter\u00eda de valores, memorama de valores y pl\u00e1ticas sobre igualdad sin exclusi\u00f3n.<\/p>\n<p>El Instituto Tamaulipeco para la Cultura y las Artes (ITCA) promover\u00e1 conciertos did\u00e1cticos, fomento a la lectura, jornadas c\u00edvicas y recorridos guiados. Finalmente, el Instituto del Deporte de Tamaulipas (INDE) fomentar\u00e1 la actividad f\u00edsica con activaciones y exhibiciones de disciplinas deportivas como b\u00e9isbol, judo, taekwondo, karate y tenis.<\/p>\n<p>Los alumnos y padres de familia vivir\u00e1n una experiencia transformadora que fomenta el aprendizaje y los valores. Con esta formaci\u00f3n, el Gobierno del Estado refuerza su compromiso de construir una sociedad con cultura c\u00edvica y \u00e9tica, promoviendo la reconstrucci\u00f3n del tejido social en Tamaulipas.<\/p>\n<p>          *      *    *<\/p>\n","protected":false},"excerpt":{"rendered":"<p>Ciudad Victoria, Tamaulipas.- Con el compromiso del gobernador Am\u00e9rico Villarreal Anaya de fortalecer los valores c\u00edvicos y \u00e9ticos en la ni\u00f1ez tamaulipeca, la Secretar\u00eda de Bienestar Social, encabezada por Silvia Casas Gonz\u00e1lez, dio inicio a la estrategia Academia Social de Valores y jornadas c\u00edvicas. Esta estrategia impactar\u00e1 a m\u00e1s de 31 escuelas primarias de Ciudad [&hellip;]<\/p>\n","protected":false},"author":1,"featured_media":7129,"comment_status":"closed","ping_status":"closed","sticky":false,"template":"","format":"standard","meta":{"footnotes":""},"categories":[60],"tags":[],"class_list":["post-7128","post","type-post","status-publish","format-standard","has-post-thumbnail","hentry","category-top--2"],"_links":{"self":[{"href":"https:\/\/www.vmnoticias.info\/index.php?rest_route=\/wp\/v2\/posts\/7128","targetHints":{"allow":["GET"]}}],"collection":[{"href":"https:\/\/www.vmnoticias.info\/index.php?rest_route=\/wp\/v2\/posts"}],"about":[{"href":"https:\/\/www.vmnoticias.info\/index.php?rest_route=\/wp\/v2\/types\/post"}],"author":[{"embeddable":true,"href":"https:\/\/www.vmnoticias.info\/index.php?rest_route=\/wp\/v2\/users\/1"}],"replies":[{"embeddable":true,"href":"https:\/\/www.vmnoticias.info\/index.php?rest_route=%2Fwp%2Fv2%2Fcomments&post=7128"}],"version-history":[{"count":1,"href":"https:\/\/www.vmnoticias.info\/index.php?rest_route=\/wp\/v2\/posts\/7128\/revisions"}],"predecessor-version":[{"id":7130,"href":"https:\/\/www.vmnoticias.info\/index.php?rest_route=\/wp\/v2\/posts\/7128\/revisions\/7130"}],"wp:featuredmedia":[{"embeddable":true,"href":"https:\/\/www.vmnoticias.info\/index.php?rest_route=\/wp\/v2\/media\/7129"}],"wp:attachment":[{"href":"https:\/\/www.vmnoticias.info\/index.php?rest_route=%2Fwp%2Fv2%2Fmedia&parent=7128"}],"wp:term":[{"taxonomy":"category","embeddable":true,"href":"https:\/\/www.vmnoticias.info\/index.php?rest_route=%2Fwp%2Fv2%2Fcategories&post=7128"},{"taxonomy":"post_tag","embeddable":true,"href":"https:\/\/www.vmnoticias.info\/index.php?rest_route=%2Fwp%2Fv2%2Ftags&post=7128"}],"curies":[{"name":"wp","href":"https:\/\/api.w.org\/{rel}","templated":true}]}}